{"id":91825,"date":"2026-03-04T14:54:59","date_gmt":"2026-03-04T11:54:59","guid":{"rendered":"https:\/\/www.egemtv.com\/?p=91825"},"modified":"2026-03-04T14:55:00","modified_gmt":"2026-03-04T11:55:00","slug":"tilkisen-otu-toplamaya-gittiler-koyu-temizlediler","status":"publish","type":"post","link":"https:\/\/www.egemtv.com\/?p=91825","title":{"rendered":"Tilki\u015fen otu toplamaya gittiler, koyu temizlediler"},"content":{"rendered":"<p>Mu\u011fla\u2019n\u0131n Bodrum il\u00e7esinde \u00fc\u00e7 vatanda\u015f, tilki\u015fen otu toplamak i\u00e7in gittikleri Haremten Koyu\u2019nun k\u00f6t\u00fc halini g\u00f6r\u00fcnce duruma kay\u0131ts\u0131z kalamad\u0131. \u00dc\u00e7 vatanda\u015f\u0131n yakla\u015f\u0131k 3 saat s\u00fcren \u00e7al\u0131\u015fmas\u0131yla toplad\u0131\u011f\u0131 at\u0131klar, Bodrum Denizciler Derne\u011fi\u2019nin at\u0131k toplama teknesi ile b\u00f6lgeden al\u0131nd\u0131.<br \/>\n<br \/>Bodrum\u2019da tilki\u015fen otu toplamak i\u00e7in Haremten Mevkii\u2019ne giden \u00fc\u00e7 vatanda\u015f, koy kenar\u0131nda denizden gelen at\u0131klar\u0131 g\u00f6r\u00fcnce g\u00f6zlerine inanamad\u0131. Ge\u00e7mi\u015f y\u0131llara k\u0131yasla kat kat fazla at\u0131\u011f\u0131n birikti\u011fini g\u00f6ren vatanda\u015flar, \u00f6nce \u00e7\u00f6pleri \u00f6bekler halinde toplad\u0131. Ard\u0131ndan b\u00f6lgeden ayr\u0131larak \u00e7\u00f6p po\u015feti temin eden ve tekrar koya d\u00f6nen vatanda\u015flar, toplad\u0131klar\u0131 at\u0131klar\u0131 po\u015fetlere doldurarak Bodrum\u2019un nadir g\u00fczellikteki koylar\u0131ndan biri olan Haremten Koyu\u2019nun bir b\u00f6l\u00fcm\u00fcn\u00fc k\u0131smen de olsa temizledi.<br \/>\n<br \/>Toplanan at\u0131klar\u0131n b\u00f6lgeden al\u0131nmas\u0131 i\u00e7in Bodrum Denizciler Derne\u011fi ile ileti\u015fime ge\u00e7en g\u00f6n\u00fcll\u00fclerin \u00e7a\u011fr\u0131s\u0131 \u00fczerine toplanan at\u0131klar kumsaldan al\u0131n\u0131p tekne ile g\u00f6t\u00fcr\u00fcld\u00fc. \u00c7o\u011fu tek kullan\u0131ml\u0131k \u00fcr\u00fcn at\u0131klar\u0131ndan olu\u015fan \u00e7\u00f6plerin, son d\u00f6nemde ya\u015fanan yo\u011fun ya\u011f\u0131\u015flar\u0131n ard\u0131ndan dere yataklar\u0131 arac\u0131l\u0131\u011f\u0131yla denize ula\u015ft\u0131\u011f\u0131, kuvvetli f\u0131rt\u0131nalar\u0131n etkisiyle de Haremten Koyu\u2019na s\u00fcr\u00fcklendi\u011fi belirtildi.<br \/><\/p>\n","protected":false},"excerpt":{"rendered":"<p>Mu\u011fla\u2019n\u0131n Bodrum il\u00e7esinde \u00fc\u00e7 vatanda\u015f, tilki\u015fen otu toplamak i\u00e7in gittikleri Haremten Koyu\u2019nun k\u00f6t\u00fc halini g\u00f6r\u00fcnce duruma kay\u0131ts\u0131z kalamad\u0131. \u00dc\u00e7 vatanda\u015f\u0131n yakla\u015f\u0131k 3 saat s\u00fcren \u00e7al\u0131\u015fmas\u0131yla toplad\u0131\u011f\u0131 at\u0131klar, Bodrum Denizciler Derne\u011fi\u2019nin at\u0131k toplama teknesi ile b\u00f6lgeden al\u0131nd\u0131. Bodrum\u2019da tilki\u015fen otu toplamak i\u00e7in Haremten Mevkii\u2019ne giden \u00fc\u00e7 vatanda\u015f, koy kenar\u0131nda denizden gelen at\u0131klar\u0131 g\u00f6r\u00fcnce g\u00f6zlerine inanamad\u0131. Ge\u00e7mi\u015f&#8230;<\/p>\n","protected":false},"author":1,"featured_media":91826,"comment_status":"open","ping_status":"open","sticky":false,"template":"","format":"standard","meta":{"_crdt_document":"","footnotes":""},"categories":[123],"tags":[],"class_list":["post-91825","post","type-post","status-publish","format-standard","has-post-thumbnail","hentry","category-gundem"],"_links":{"self":[{"href":"https:\/\/www.egemtv.com\/index.php?rest_route=\/wp\/v2\/posts\/91825","targetHints":{"allow":["GET"]}}],"collection":[{"href":"https:\/\/www.egemtv.com\/index.php?rest_route=\/wp\/v2\/posts"}],"about":[{"href":"https:\/\/www.egemtv.com\/index.php?rest_route=\/wp\/v2\/types\/post"}],"author":[{"embeddable":true,"href":"https:\/\/www.egemtv.com\/index.php?rest_route=\/wp\/v2\/users\/1"}],"replies":[{"embeddable":true,"href":"https:\/\/www.egemtv.com\/index.php?rest_route=%2Fwp%2Fv2%2Fcomments&post=91825"}],"version-history":[{"count":1,"href":"https:\/\/www.egemtv.com\/index.php?rest_route=\/wp\/v2\/posts\/91825\/revisions"}],"predecessor-version":[{"id":91827,"href":"https:\/\/www.egemtv.com\/index.php?rest_route=\/wp\/v2\/posts\/91825\/revisions\/91827"}],"wp:featuredmedia":[{"embeddable":true,"href":"https:\/\/www.egemtv.com\/index.php?rest_route=\/wp\/v2\/media\/91826"}],"wp:attachment":[{"href":"https:\/\/www.egemtv.com\/index.php?rest_route=%2Fwp%2Fv2%2Fmedia&parent=91825"}],"wp:term":[{"taxonomy":"category","embeddable":true,"href":"https:\/\/www.egemtv.com\/index.php?rest_route=%2Fwp%2Fv2%2Fcategories&post=91825"},{"taxonomy":"post_tag","embeddable":true,"href":"https:\/\/www.egemtv.com\/index.php?rest_route=%2Fwp%2Fv2%2Ftags&post=91825"}],"curies":[{"name":"wp","href":"https:\/\/api.w.org\/{rel}","templated":true}]}}