{"id":91822,"date":"2026-03-04T14:54:58","date_gmt":"2026-03-04T11:54:58","guid":{"rendered":"https:\/\/www.egemtv.com\/?p=91822"},"modified":"2026-03-04T14:54:59","modified_gmt":"2026-03-04T11:54:59","slug":"trafik-magandalarina-yeni-cezalar-da-caydirmadi","status":"publish","type":"post","link":"https:\/\/www.egemtv.com\/?p=91822","title":{"rendered":"Trafik magandalar\u0131na yeni cezalar da cayd\u0131rmad\u0131"},"content":{"rendered":"<p>T\u00fcrkiye\u2019de en fazla tart\u0131\u015fma ve kavgan\u0131n ya\u015fand\u0131\u011f\u0131 yollarda trafik kavgalar\u0131 artt\u0131r\u0131lan cezalara ra\u011fmen bir t\u00fcrl\u00fc \u00f6nlenemiyor. Ayd\u0131n Efeler il\u00e7esinde ya\u015fanan bir trafik kavgas\u0131 ara\u00e7 g\u00fcvenlik kameras\u0131na yans\u0131d\u0131. \u00d6fkelenen bir gen\u00e7 \u00e7evredeki vatanda\u015flar\u0131n engelleme \u00e7abalar\u0131na ra\u011fmen trafikteki bir arac\u0131 defalarca vurarak s\u00fcr\u00fcc\u00fcs\u00fcn\u00fc kavgaya davet etti. \u0130lgin\u00e7 olay ise kameraya b\u00f6yle yans\u0131d\u0131.<br \/>\n<br \/>Ayd\u0131n Efeler il\u00e7esinde bir s\u00fcr\u00fcc\u00fc kedisine el kol hareketi yap\u0131ld\u0131\u011f\u0131n\u0131 iddia ederek ara\u00e7tan inip \u00f6n\u00fcndeki kamyonete sald\u0131rd\u0131. O anlara ait ara\u00e7 kameras\u0131 ortaya \u00e7\u0131kt\u0131. Kay\u0131tlara g\u00f6re olay; Efeler il\u00e7e merkezi Osman Yozgatl\u0131 Mahallesi Bat\u0131 \u00c7evre Bulvar\u0131 Tellidede Mezarl\u0131\u011f\u0131 mevkiinde ya\u015fand\u0131. Ara sokakta bekleyen kamyonetin arkas\u0131nda duran otomobilin s\u00fcr\u00fcc\u00fcs\u00fc, kamyonet s\u00fcr\u00fcc\u00fcs\u00fcn\u00fcn kendisine el kol hareketi yapt\u0131\u011f\u0131n\u0131 iddia ederek \u00f6fkeyle kamyonete ko\u015farak gelip cama vurmaya ba\u015flad\u0131. Kamyonetin kap\u0131s\u0131na tekmeleyip kap\u0131y\u0131 a\u00e7maya \u00e7al\u0131\u015fan ve s\u00fcr\u00fcc\u00fcn\u00fcn de kap\u0131y\u0131 a\u00e7mas\u0131n\u0131 isteyen \u015fahs\u0131 \u00e7evredeki vatanda\u015flar sakinle\u015ftirmeye \u00e7al\u0131\u015ft\u0131.<br \/>\n<br \/>Ya\u015fanan gergin anlar, ba\u015fka bir ara\u00e7ta bulunan kamera taraf\u0131ndan saniye saniye kaydedildi.<br \/><\/p>\n","protected":false},"excerpt":{"rendered":"<p>T\u00fcrkiye\u2019de en fazla tart\u0131\u015fma ve kavgan\u0131n ya\u015fand\u0131\u011f\u0131 yollarda trafik kavgalar\u0131 artt\u0131r\u0131lan cezalara ra\u011fmen bir t\u00fcrl\u00fc \u00f6nlenemiyor. Ayd\u0131n Efeler il\u00e7esinde ya\u015fanan bir trafik kavgas\u0131 ara\u00e7 g\u00fcvenlik kameras\u0131na yans\u0131d\u0131. \u00d6fkelenen bir gen\u00e7 \u00e7evredeki vatanda\u015flar\u0131n engelleme \u00e7abalar\u0131na ra\u011fmen trafikteki bir arac\u0131 defalarca vurarak s\u00fcr\u00fcc\u00fcs\u00fcn\u00fc kavgaya davet etti. \u0130lgin\u00e7 olay ise kameraya b\u00f6yle yans\u0131d\u0131. Ayd\u0131n Efeler il\u00e7esinde bir s\u00fcr\u00fcc\u00fc&#8230;<\/p>\n","protected":false},"author":1,"featured_media":91823,"comment_status":"open","ping_status":"open","sticky":false,"template":"","format":"standard","meta":{"_crdt_document":"","footnotes":""},"categories":[5],"tags":[],"class_list":["post-91822","post","type-post","status-publish","format-standard","has-post-thumbnail","hentry","category-asayis"],"_links":{"self":[{"href":"https:\/\/www.egemtv.com\/index.php?rest_route=\/wp\/v2\/posts\/91822","targetHints":{"allow":["GET"]}}],"collection":[{"href":"https:\/\/www.egemtv.com\/index.php?rest_route=\/wp\/v2\/posts"}],"about":[{"href":"https:\/\/www.egemtv.com\/index.php?rest_route=\/wp\/v2\/types\/post"}],"author":[{"embeddable":true,"href":"https:\/\/www.egemtv.com\/index.php?rest_route=\/wp\/v2\/users\/1"}],"replies":[{"embeddable":true,"href":"https:\/\/www.egemtv.com\/index.php?rest_route=%2Fwp%2Fv2%2Fcomments&post=91822"}],"version-history":[{"count":1,"href":"https:\/\/www.egemtv.com\/index.php?rest_route=\/wp\/v2\/posts\/91822\/revisions"}],"predecessor-version":[{"id":91824,"href":"https:\/\/www.egemtv.com\/index.php?rest_route=\/wp\/v2\/posts\/91822\/revisions\/91824"}],"wp:featuredmedia":[{"embeddable":true,"href":"https:\/\/www.egemtv.com\/index.php?rest_route=\/wp\/v2\/media\/91823"}],"wp:attachment":[{"href":"https:\/\/www.egemtv.com\/index.php?rest_route=%2Fwp%2Fv2%2Fmedia&parent=91822"}],"wp:term":[{"taxonomy":"category","embeddable":true,"href":"https:\/\/www.egemtv.com\/index.php?rest_route=%2Fwp%2Fv2%2Fcategories&post=91822"},{"taxonomy":"post_tag","embeddable":true,"href":"https:\/\/www.egemtv.com\/index.php?rest_route=%2Fwp%2Fv2%2Ftags&post=91822"}],"curies":[{"name":"wp","href":"https:\/\/api.w.org\/{rel}","templated":true}]}}