{"id":91741,"date":"2026-03-04T12:14:56","date_gmt":"2026-03-04T09:14:56","guid":{"rendered":"https:\/\/www.egemtv.com\/?p=91741"},"modified":"2026-03-04T12:14:57","modified_gmt":"2026-03-04T09:14:57","slug":"mentese-kent-merkezinde-yesil-alan-orani-arttiriliyor","status":"publish","type":"post","link":"https:\/\/www.egemtv.com\/?p=91741","title":{"rendered":"Mente\u015fe kent merkezinde ye\u015fil alan oran\u0131 artt\u0131r\u0131l\u0131yor"},"content":{"rendered":"<p>Mente\u015fe Belediyesi, kent merkezinde ye\u015fil alan miktar\u0131n\u0131 art\u0131rma hedefi do\u011frultusunda Kolejler B\u00f6lgesi\u2019ne yeni bir park kazand\u0131r\u0131yor. Mu\u011fla B\u00fcy\u00fck\u015fehir Belediyesi ile y\u00fcr\u00fct\u00fclen \u00fcstyap\u0131 \u00e7al\u0131\u015fmalar\u0131na ek olarak hayata ge\u00e7irilecek proje sayesinde b\u00f6lgedeki mevcut ye\u015fil alan miktar\u0131 iki kat\u0131na \u00e7\u0131kar\u0131lacak.<br \/>\n<br \/>Sert zemin azal\u0131yor, ye\u015fil alan art\u0131yor<br \/>\n<br \/>Mente\u015fe Belediye Ba\u015fkan\u0131 Gonca K\u00f6ksal Aras, Mart Ay\u0131 Meclis Toplant\u0131s\u0131\u2019nda yapt\u0131\u011f\u0131 a\u00e7\u0131klamada, park\u0131n tamamen belediyenin \u00f6z kaynaklar\u0131yla yap\u0131laca\u011f\u0131n\u0131 belirtti. K\u00f6ksal Aras, kent merkezinde artan yap\u0131la\u015fmaya kar\u015f\u0131 ekolojik dengeyi koruman\u0131n ve vatanda\u015flara nefes alabilecekleri kamusal alanlar olu\u015fturman\u0131n \u00f6ncelikli hedefleri aras\u0131nda yer ald\u0131\u011f\u0131n\u0131 vurgulayarak \u015funlar\u0131 s\u00f6yledi:<br \/>\n<br \/>&#8220;\u015eehrimizin ekolojik dengesini korumak ve hem\u015fehrilerimize nefes alabilecekleri modern ya\u015fam alanlar\u0131 sunmak amac\u0131yla Kolejler B\u00f6lgemize yeni bir park kazand\u0131r\u0131yoruz. \u00c7al\u0131\u015fmalar\u0131m\u0131z kapsam\u0131nda sert zemin oran\u0131n\u0131 azaltarak b\u00f6lgedeki ye\u015fil alan kapasitesini iki kat\u0131na \u00e7\u0131karaca\u011f\u0131z. Toprakla bulu\u015fturaca\u011f\u0131m\u0131z yeni a\u011fa\u00e7lar\u0131m\u0131z ve konforlu oturma alanlar\u0131m\u0131z sayesinde do\u011fayla i\u00e7 i\u00e7e, her ya\u015ftan hem\u015fehrimizin keyifle vakit ge\u00e7irebilece\u011fi ya\u015fayan bir park\u0131 Mente\u015fe\u2019mize kazand\u0131raca\u011f\u0131z&#8221;<br \/>\n<br \/>Ba\u015fkan K\u00f6ksal Aras, projenin yaln\u0131zca Kolejler B\u00f6lgesi\u2019ne de\u011fil, kent merkezinin b\u00fct\u00fcn\u00fcne y\u00f6nelik \u2018Daha az beton, daha \u00e7ok ye\u015fil\u2019 anlay\u0131\u015f\u0131n\u0131n somut bir ad\u0131m\u0131 olarak hayata ge\u00e7irilece\u011fini s\u00f6zlerine ekledi.<br \/><\/p>\n","protected":false},"excerpt":{"rendered":"<p>Mente\u015fe Belediyesi, kent merkezinde ye\u015fil alan miktar\u0131n\u0131 art\u0131rma hedefi do\u011frultusunda Kolejler B\u00f6lgesi\u2019ne yeni bir park kazand\u0131r\u0131yor. Mu\u011fla B\u00fcy\u00fck\u015fehir Belediyesi ile y\u00fcr\u00fct\u00fclen \u00fcstyap\u0131 \u00e7al\u0131\u015fmalar\u0131na ek olarak hayata ge\u00e7irilecek proje sayesinde b\u00f6lgedeki mevcut ye\u015fil alan miktar\u0131 iki kat\u0131na \u00e7\u0131kar\u0131lacak. Sert zemin azal\u0131yor, ye\u015fil alan art\u0131yor Mente\u015fe Belediye Ba\u015fkan\u0131 Gonca K\u00f6ksal Aras, Mart Ay\u0131 Meclis Toplant\u0131s\u0131\u2019nda yapt\u0131\u011f\u0131 a\u00e7\u0131klamada,&#8230;<\/p>\n","protected":false},"author":1,"featured_media":91742,"comment_status":"open","ping_status":"open","sticky":false,"template":"","format":"standard","meta":{"_crdt_document":"","footnotes":""},"categories":[1],"tags":[],"class_list":["post-91741","post","type-post","status-publish","format-standard","has-post-thumbnail","hentry","category-guncel"],"_links":{"self":[{"href":"https:\/\/www.egemtv.com\/index.php?rest_route=\/wp\/v2\/posts\/91741","targetHints":{"allow":["GET"]}}],"collection":[{"href":"https:\/\/www.egemtv.com\/index.php?rest_route=\/wp\/v2\/posts"}],"about":[{"href":"https:\/\/www.egemtv.com\/index.php?rest_route=\/wp\/v2\/types\/post"}],"author":[{"embeddable":true,"href":"https:\/\/www.egemtv.com\/index.php?rest_route=\/wp\/v2\/users\/1"}],"replies":[{"embeddable":true,"href":"https:\/\/www.egemtv.com\/index.php?rest_route=%2Fwp%2Fv2%2Fcomments&post=91741"}],"version-history":[{"count":1,"href":"https:\/\/www.egemtv.com\/index.php?rest_route=\/wp\/v2\/posts\/91741\/revisions"}],"predecessor-version":[{"id":91743,"href":"https:\/\/www.egemtv.com\/index.php?rest_route=\/wp\/v2\/posts\/91741\/revisions\/91743"}],"wp:featuredmedia":[{"embeddable":true,"href":"https:\/\/www.egemtv.com\/index.php?rest_route=\/wp\/v2\/media\/91742"}],"wp:attachment":[{"href":"https:\/\/www.egemtv.com\/index.php?rest_route=%2Fwp%2Fv2%2Fmedia&parent=91741"}],"wp:term":[{"taxonomy":"category","embeddable":true,"href":"https:\/\/www.egemtv.com\/index.php?rest_route=%2Fwp%2Fv2%2Fcategories&post=91741"},{"taxonomy":"post_tag","embeddable":true,"href":"https:\/\/www.egemtv.com\/index.php?rest_route=%2Fwp%2Fv2%2Ftags&post=91741"}],"curies":[{"name":"wp","href":"https:\/\/api.w.org\/{rel}","templated":true}]}}