{"id":91738,"date":"2026-03-04T11:54:47","date_gmt":"2026-03-04T08:54:47","guid":{"rendered":"https:\/\/www.egemtv.com\/?p=91738"},"modified":"2026-03-04T11:54:48","modified_gmt":"2026-03-04T08:54:48","slug":"cameli-belediyesi-tas-konaklar-orman-parkini-20-yilligina-kiraladi","status":"publish","type":"post","link":"https:\/\/www.egemtv.com\/?p=91738","title":{"rendered":"\u00c7ameli Belediyesi, Ta\u015f Konaklar Orman Park\u0131n\u0131 20 y\u0131ll\u0131\u011f\u0131na kiralad\u0131"},"content":{"rendered":"<p>\u00c7ameli Belediyesi ile \u00c7ameli Orman \u0130\u015fletme M\u00fcd\u00fcrl\u00fc\u011f\u00fc aras\u0131nda imzalanan s\u00f6zle\u015fmeyle Ta\u015f Konaklar Orman Park\u0131 20 y\u0131ll\u0131\u011f\u0131na belediyeye kiraland\u0131. Mevcut alan geni\u015fletilerek il\u00e7eye yeni bir millet bah\u00e7esi kazand\u0131r\u0131lmas\u0131 hedefleniyor.<\/p>\n<p>\u00c7ameli Belediyesi ile \u00c7ameli Orman \u0130\u015fletme M\u00fcd\u00fcrl\u00fc\u011f\u00fc aras\u0131nda Ta\u015f Konaklar Orman Park\u0131\u2019n\u0131n 20 y\u0131ll\u0131k s\u00fcreyle kiralanmas\u0131na ili\u015fkin s\u00f6zle\u015fme imzaland\u0131. \u00c7ameli Belediyesi\u2019nde d\u00fczenlenen t\u00f6rende protokole, \u00c7ameli Belediye Ba\u015fkan\u0131 Cengiz Arslan ile \u00c7ameli Orman \u0130\u015fletme M\u00fcd\u00fcr\u00fc Erol G\u00fcner imza att\u0131. \u0130mzalanan s\u00f6zle\u015fmeyle birlikte park alan\u0131n\u0131n belediye taraf\u0131ndan daha etkin kullan\u0131lmas\u0131 ve geli\u015ftirilmesi ama\u00e7lan\u0131yor. Mevcut park alan\u0131na yap\u0131lacak ilavelerle birlikte il\u00e7eye yeni bir millet bah\u00e7esi kazand\u0131r\u0131lmas\u0131 i\u00e7in \u00e7al\u0131\u015fmalar\u0131n ba\u015flad\u0131\u011f\u0131 bildirildi. Proje kapsam\u0131nda sosyal donat\u0131 alanlar\u0131, dinlenme alanlar\u0131 ve ailelerin keyifle vakit ge\u00e7irebilece\u011fi d\u00fczenlemelerin hayata ge\u00e7irilmesi planlan\u0131yor.<\/p>\n<p>\u00c7ameli Belediye Ba\u015fkan\u0131 Cengiz Arslan, projeye verdikleri desteklerden dolay\u0131 Orman Genel M\u00fcd\u00fcrl\u00fc\u011f\u00fc, Orman B\u00f6lge M\u00fcd\u00fcrl\u00fc\u011f\u00fc, \u00c7ameli Orman \u0130\u015fletme M\u00fcd\u00fcrl\u00fc\u011f\u00fc ve Ekosistem Hizmetleri Daire Ba\u015fkan\u0131 \u00d6zg\u00fcr Balc\u0131\u2019ya te\u015fekk\u00fcr etti.<\/p>\n<p>Yeni d\u00fczenlemelerle birlikte Ta\u015f Konaklar Orman Park\u0131\u2019n\u0131n hem il\u00e7e halk\u0131na hem de b\u00f6lge turizmine katk\u0131 sa\u011flamas\u0131 bekleniyor.<br \/><\/p>\n","protected":false},"excerpt":{"rendered":"<p>\u00c7ameli Belediyesi ile \u00c7ameli Orman \u0130\u015fletme M\u00fcd\u00fcrl\u00fc\u011f\u00fc aras\u0131nda imzalanan s\u00f6zle\u015fmeyle Ta\u015f Konaklar Orman Park\u0131 20 y\u0131ll\u0131\u011f\u0131na belediyeye kiraland\u0131. Mevcut alan geni\u015fletilerek il\u00e7eye yeni bir millet bah\u00e7esi kazand\u0131r\u0131lmas\u0131 hedefleniyor. \u00c7ameli Belediyesi ile \u00c7ameli Orman \u0130\u015fletme M\u00fcd\u00fcrl\u00fc\u011f\u00fc aras\u0131nda Ta\u015f Konaklar Orman Park\u0131\u2019n\u0131n 20 y\u0131ll\u0131k s\u00fcreyle kiralanmas\u0131na ili\u015fkin s\u00f6zle\u015fme imzaland\u0131. \u00c7ameli Belediyesi\u2019nde d\u00fczenlenen t\u00f6rende protokole, \u00c7ameli Belediye Ba\u015fkan\u0131&#8230;<\/p>\n","protected":false},"author":1,"featured_media":91739,"comment_status":"open","ping_status":"open","sticky":false,"template":"","format":"standard","meta":{"_crdt_document":"","footnotes":""},"categories":[127],"tags":[],"class_list":["post-91738","post","type-post","status-publish","format-standard","has-post-thumbnail","hentry","category-siyaset"],"_links":{"self":[{"href":"https:\/\/www.egemtv.com\/index.php?rest_route=\/wp\/v2\/posts\/91738","targetHints":{"allow":["GET"]}}],"collection":[{"href":"https:\/\/www.egemtv.com\/index.php?rest_route=\/wp\/v2\/posts"}],"about":[{"href":"https:\/\/www.egemtv.com\/index.php?rest_route=\/wp\/v2\/types\/post"}],"author":[{"embeddable":true,"href":"https:\/\/www.egemtv.com\/index.php?rest_route=\/wp\/v2\/users\/1"}],"replies":[{"embeddable":true,"href":"https:\/\/www.egemtv.com\/index.php?rest_route=%2Fwp%2Fv2%2Fcomments&post=91738"}],"version-history":[{"count":1,"href":"https:\/\/www.egemtv.com\/index.php?rest_route=\/wp\/v2\/posts\/91738\/revisions"}],"predecessor-version":[{"id":91740,"href":"https:\/\/www.egemtv.com\/index.php?rest_route=\/wp\/v2\/posts\/91738\/revisions\/91740"}],"wp:featuredmedia":[{"embeddable":true,"href":"https:\/\/www.egemtv.com\/index.php?rest_route=\/wp\/v2\/media\/91739"}],"wp:attachment":[{"href":"https:\/\/www.egemtv.com\/index.php?rest_route=%2Fwp%2Fv2%2Fmedia&parent=91738"}],"wp:term":[{"taxonomy":"category","embeddable":true,"href":"https:\/\/www.egemtv.com\/index.php?rest_route=%2Fwp%2Fv2%2Fcategories&post=91738"},{"taxonomy":"post_tag","embeddable":true,"href":"https:\/\/www.egemtv.com\/index.php?rest_route=%2Fwp%2Fv2%2Ftags&post=91738"}],"curies":[{"name":"wp","href":"https:\/\/api.w.org\/{rel}","templated":true}]}}