{"id":91735,"date":"2026-03-04T11:54:46","date_gmt":"2026-03-04T08:54:46","guid":{"rendered":"https:\/\/www.egemtv.com\/?p=91735"},"modified":"2026-03-04T11:54:47","modified_gmt":"2026-03-04T08:54:47","slug":"tavas-belediyesinden-ciftciye-dronlu-gubreleme-destegi","status":"publish","type":"post","link":"https:\/\/www.egemtv.com\/?p=91735","title":{"rendered":"Tavas Belediyesinden \u00e7ift\u00e7iye dronlu g\u00fcbreleme deste\u011fi"},"content":{"rendered":"<p>Tavas Belediyesi, artan girdi maliyetlerine kar\u015f\u0131 \u00fcreticilere zirai drone deste\u011fini s\u00fcrd\u00fcr\u00fcyor. Tekkek\u00f6y Mahallesi\u2019nde 142 dekar alan drone teknolojisiyle g\u00fcbrelendi.<\/p>\n<p>Tavas Belediyesi, \u00fcretimi art\u0131rmak ve y\u00fckselen girdi maliyetleri kar\u015f\u0131s\u0131nda \u00e7ift\u00e7iye destek olmak amac\u0131yla ba\u015flatt\u0131\u011f\u0131 zirai drone hizmetini aral\u0131ks\u0131z s\u00fcrd\u00fcr\u00fcyor. \u00dcreticilerin mahsullerinin zarar g\u00f6rmeden ve e\u015fit \u015fekilde g\u00fcbrelenip ila\u00e7lanmas\u0131n\u0131 hedefleyen uygulama, il\u00e7e genelindeki \u00e7ift\u00e7ilerin kullan\u0131m\u0131na sunuluyor.<br \/>\n<br \/>Dronlu g\u00fcbreleme \u00e7al\u0131\u015fmalar\u0131n\u0131 Tekkek\u00f6y Mahallesi\u2019nde yerinde inceleyen Tavas Belediye Ba\u015fkan\u0131 Kadir Tat\u0131k, yapt\u0131\u011f\u0131 a\u00e7\u0131klamada, &#8220;Tavas Belediyesi olarak zirai drone ile g\u00fcbreleme hizmetimizi aral\u0131ks\u0131z s\u00fcrd\u00fcr\u00fcyoruz. Bug\u00fcn Tekkek\u00f6y Mahallemizde y\u00fcr\u00fct\u00fclen \u00e7al\u0131\u015fmalar\u0131 yerinde inceledik. Toplam 142 dekar alan\u0131n g\u00fcbrelemesi drone teknolojisi kullan\u0131larak tamamland\u0131&#8221; dedi.<\/p>\n<p>Zorlu arazi \u015fartlar\u0131na ra\u011fmen \u00fcretimin aksamamas\u0131 i\u00e7in teknolojiyi \u00fcreticinin hizmetine sunduklar\u0131n\u0131 ifade eden Ba\u015fkan Tat\u0131k, &#8220;\u00c7ift\u00e7imizin eme\u011finin kar\u015f\u0131l\u0131\u011f\u0131n\u0131 almas\u0131 i\u00e7in modern tar\u0131m uygulamalar\u0131n\u0131 desteklemeye devam ediyoruz. Tavas i\u00e7in \u00e7al\u0131\u015f\u0131yor, \u00fcreticimizin g\u00fcc\u00fcne g\u00fc\u00e7 kat\u0131yoruz&#8221; ifadelerini kulland\u0131.<br \/>\n<br \/>Belediye yetkilileri, zirai drone deste\u011finin il\u00e7e genelinde planlama dahilinde devam edece\u011fini bildirdi.<br \/><\/p>\n","protected":false},"excerpt":{"rendered":"<p>Tavas Belediyesi, artan girdi maliyetlerine kar\u015f\u0131 \u00fcreticilere zirai drone deste\u011fini s\u00fcrd\u00fcr\u00fcyor. Tekkek\u00f6y Mahallesi\u2019nde 142 dekar alan drone teknolojisiyle g\u00fcbrelendi. Tavas Belediyesi, \u00fcretimi art\u0131rmak ve y\u00fckselen girdi maliyetleri kar\u015f\u0131s\u0131nda \u00e7ift\u00e7iye destek olmak amac\u0131yla ba\u015flatt\u0131\u011f\u0131 zirai drone hizmetini aral\u0131ks\u0131z s\u00fcrd\u00fcr\u00fcyor. \u00dcreticilerin mahsullerinin zarar g\u00f6rmeden ve e\u015fit \u015fekilde g\u00fcbrelenip ila\u00e7lanmas\u0131n\u0131 hedefleyen uygulama, il\u00e7e genelindeki \u00e7ift\u00e7ilerin kullan\u0131m\u0131na sunuluyor. Dronlu&#8230;<\/p>\n","protected":false},"author":1,"featured_media":91736,"comment_status":"open","ping_status":"open","sticky":false,"template":"","format":"standard","meta":{"_crdt_document":"","footnotes":""},"categories":[125],"tags":[],"class_list":["post-91735","post","type-post","status-publish","format-standard","has-post-thumbnail","hentry","category-ekonomi"],"_links":{"self":[{"href":"https:\/\/www.egemtv.com\/index.php?rest_route=\/wp\/v2\/posts\/91735","targetHints":{"allow":["GET"]}}],"collection":[{"href":"https:\/\/www.egemtv.com\/index.php?rest_route=\/wp\/v2\/posts"}],"about":[{"href":"https:\/\/www.egemtv.com\/index.php?rest_route=\/wp\/v2\/types\/post"}],"author":[{"embeddable":true,"href":"https:\/\/www.egemtv.com\/index.php?rest_route=\/wp\/v2\/users\/1"}],"replies":[{"embeddable":true,"href":"https:\/\/www.egemtv.com\/index.php?rest_route=%2Fwp%2Fv2%2Fcomments&post=91735"}],"version-history":[{"count":1,"href":"https:\/\/www.egemtv.com\/index.php?rest_route=\/wp\/v2\/posts\/91735\/revisions"}],"predecessor-version":[{"id":91737,"href":"https:\/\/www.egemtv.com\/index.php?rest_route=\/wp\/v2\/posts\/91735\/revisions\/91737"}],"wp:featuredmedia":[{"embeddable":true,"href":"https:\/\/www.egemtv.com\/index.php?rest_route=\/wp\/v2\/media\/91736"}],"wp:attachment":[{"href":"https:\/\/www.egemtv.com\/index.php?rest_route=%2Fwp%2Fv2%2Fmedia&parent=91735"}],"wp:term":[{"taxonomy":"category","embeddable":true,"href":"https:\/\/www.egemtv.com\/index.php?rest_route=%2Fwp%2Fv2%2Fcategories&post=91735"},{"taxonomy":"post_tag","embeddable":true,"href":"https:\/\/www.egemtv.com\/index.php?rest_route=%2Fwp%2Fv2%2Ftags&post=91735"}],"curies":[{"name":"wp","href":"https:\/\/api.w.org\/{rel}","templated":true}]}}