{"id":91729,"date":"2026-03-04T11:35:02","date_gmt":"2026-03-04T08:35:02","guid":{"rendered":"https:\/\/www.egemtv.com\/?p=91729"},"modified":"2026-03-04T11:35:04","modified_gmt":"2026-03-04T08:35:04","slug":"kaymakam-guldogan-universiteli-ogrencilerle-iftar-yapti","status":"publish","type":"post","link":"https:\/\/www.egemtv.com\/?p=91729","title":{"rendered":"Kaymakam G\u00fcldo\u011fan, \u00fcniversiteli \u00f6\u011frencilerle iftar yapt\u0131"},"content":{"rendered":"<p>Manisa\u2019n\u0131n Salihli il\u00e7e Kaymakam\u0131 Ali G\u00fcldo\u011fan iftar\u0131n\u0131 KYK yurdunda kalan \u00fcniversite \u00f6\u011frencileriyle birlikte a\u00e7t\u0131.<br \/>\n<br \/>KYK \u00d6\u011frenci Yurdu\u2019nu ziyaret eden Salihli Kaymakam\u0131 Ali G\u00fcldo\u011fan, \u00f6\u011frencilerle ayn\u0131 sofrada bir araya gelerek iftar program\u0131na kat\u0131ld\u0131. Samimi bir ortamda ger\u00e7ekle\u015fen bulu\u015fmada \u00f6\u011frencilerle yak\u0131ndan ilgilenen G\u00fcldo\u011fan, gen\u00e7lerle sohbet ederek g\u00f6r\u00fc\u015f ve taleplerini dinledi.<br \/>\n<br \/>Ramazan ay\u0131n\u0131n birlik, beraberlik ve dayan\u0131\u015fma ruhuna vurgu yapan Kaymakam G\u00fcldo\u011fan, bu m\u00fcbarek ay\u0131n bereketini gen\u00e7lerle payla\u015fmaktan b\u00fcy\u00fck memnuniyet duydu\u011funu ifade etti. \u00d6\u011frencilerin Ramazan ay\u0131n\u0131 tebrik eden G\u00fcldo\u011fan, t\u00fcm gen\u00e7lere e\u011fitim hayatlar\u0131nda ba\u015far\u0131lar diledi.<br \/>\n<br \/>Program, hat\u0131ra foto\u011fraf\u0131 \u00e7ekimi ve iyi dilek temennileriyle sona erdi.<br \/><\/p>\n","protected":false},"excerpt":{"rendered":"<p>Manisa\u2019n\u0131n Salihli il\u00e7e Kaymakam\u0131 Ali G\u00fcldo\u011fan iftar\u0131n\u0131 KYK yurdunda kalan \u00fcniversite \u00f6\u011frencileriyle birlikte a\u00e7t\u0131. KYK \u00d6\u011frenci Yurdu\u2019nu ziyaret eden Salihli Kaymakam\u0131 Ali G\u00fcldo\u011fan, \u00f6\u011frencilerle ayn\u0131 sofrada bir araya gelerek iftar program\u0131na kat\u0131ld\u0131. Samimi bir ortamda ger\u00e7ekle\u015fen bulu\u015fmada \u00f6\u011frencilerle yak\u0131ndan ilgilenen G\u00fcldo\u011fan, gen\u00e7lerle sohbet ederek g\u00f6r\u00fc\u015f ve taleplerini dinledi. Ramazan ay\u0131n\u0131n birlik, beraberlik ve dayan\u0131\u015fma ruhuna&#8230;<\/p>\n","protected":false},"author":1,"featured_media":91730,"comment_status":"open","ping_status":"open","sticky":false,"template":"","format":"standard","meta":{"_crdt_document":"","footnotes":""},"categories":[123],"tags":[],"class_list":["post-91729","post","type-post","status-publish","format-standard","has-post-thumbnail","hentry","category-gundem"],"_links":{"self":[{"href":"https:\/\/www.egemtv.com\/index.php?rest_route=\/wp\/v2\/posts\/91729","targetHints":{"allow":["GET"]}}],"collection":[{"href":"https:\/\/www.egemtv.com\/index.php?rest_route=\/wp\/v2\/posts"}],"about":[{"href":"https:\/\/www.egemtv.com\/index.php?rest_route=\/wp\/v2\/types\/post"}],"author":[{"embeddable":true,"href":"https:\/\/www.egemtv.com\/index.php?rest_route=\/wp\/v2\/users\/1"}],"replies":[{"embeddable":true,"href":"https:\/\/www.egemtv.com\/index.php?rest_route=%2Fwp%2Fv2%2Fcomments&post=91729"}],"version-history":[{"count":1,"href":"https:\/\/www.egemtv.com\/index.php?rest_route=\/wp\/v2\/posts\/91729\/revisions"}],"predecessor-version":[{"id":91731,"href":"https:\/\/www.egemtv.com\/index.php?rest_route=\/wp\/v2\/posts\/91729\/revisions\/91731"}],"wp:featuredmedia":[{"embeddable":true,"href":"https:\/\/www.egemtv.com\/index.php?rest_route=\/wp\/v2\/media\/91730"}],"wp:attachment":[{"href":"https:\/\/www.egemtv.com\/index.php?rest_route=%2Fwp%2Fv2%2Fmedia&parent=91729"}],"wp:term":[{"taxonomy":"category","embeddable":true,"href":"https:\/\/www.egemtv.com\/index.php?rest_route=%2Fwp%2Fv2%2Fcategories&post=91729"},{"taxonomy":"post_tag","embeddable":true,"href":"https:\/\/www.egemtv.com\/index.php?rest_route=%2Fwp%2Fv2%2Ftags&post=91729"}],"curies":[{"name":"wp","href":"https:\/\/api.w.org\/{rel}","templated":true}]}}