{"id":91726,"date":"2026-03-04T11:35:01","date_gmt":"2026-03-04T08:35:01","guid":{"rendered":"https:\/\/www.egemtv.com\/?p=91726"},"modified":"2026-03-04T11:35:02","modified_gmt":"2026-03-04T08:35:02","slug":"sehzadelerde-mart-ayi-meclisi-yogun-gundemle-toplandi","status":"publish","type":"post","link":"https:\/\/www.egemtv.com\/?p=91726","title":{"rendered":"\u015eehzadeler\u2019de mart ay\u0131 meclisi yo\u011fun g\u00fcndemle topland\u0131"},"content":{"rendered":"<p>\u015eehzadeler Belediyesi Mart ay\u0131 meclis toplant\u0131s\u0131, Belediye Ba\u015fkan\u0131 Hakan \u015eim\u015fek ba\u015fkanl\u0131\u011f\u0131nda ger\u00e7ekle\u015ftirildi. Toplant\u0131da g\u00fcndemdeki 18 madde karara ba\u011fland\u0131.<br \/>\n<br \/>\u015eehzadeler Belediyesi Mart ay\u0131 meclis toplant\u0131s\u0131, Belediye Ba\u015fkan\u0131 Hakan \u015eim\u015fek ba\u015fkanl\u0131\u011f\u0131nda ger\u00e7ekle\u015ftirildi. \u015eehitler an\u0131s\u0131na yap\u0131lan sayg\u0131 duru\u015fu ve ard\u0131ndan okunan \u0130stiklal Mar\u015f\u0131 ile ba\u015flayan toplant\u0131da Ba\u015fkan \u015eim\u015fek, meclis \u00fcyelerine hitap etti. Ba\u015fkan \u015eim\u015fek konu\u015fmas\u0131nda, ortak ak\u0131l, dayan\u0131\u015fma ve halk\u00e7\u0131 belediyecilik anlay\u0131\u015f\u0131yla \u015eehzadeler il\u00e7esine de\u011fer katmaya devam ettiklerini belirtti. G\u00f6reve geldikleri g\u00fcnden bu yana mahalle ziyaretlerini s\u00fcrd\u00fcrd\u00fcklerini ifade eden \u015eim\u015fek, vatanda\u015flar\u0131n taleplerini yerinde dinleyerek kal\u0131c\u0131 \u00e7\u00f6z\u00fcmler \u00fcretmek i\u00e7in ekiplerle birlikte yo\u011fun bir \u00e7al\u0131\u015fma y\u00fcr\u00fctt\u00fcklerini s\u00f6yledi.<\/p>\n<p>Sa\u011fanak ya\u011f\u0131\u015f sonras\u0131 h\u0131zl\u0131 m\u00fcdahale<br \/>\n<br \/>Ge\u00e7ti\u011fimiz g\u00fcnlerde kentte etkili olan yo\u011fun ya\u011f\u0131\u015flara da de\u011finen Ba\u015fkan \u015eim\u015fek, ya\u015fanan olumsuzluklara kar\u015f\u0131 belediye ekiplerinin gece g\u00fcnd\u00fcz sahada oldu\u011funu vurgulad\u0131. Afet kaynakl\u0131 sorunlara h\u0131zl\u0131 \u015fekilde m\u00fcdahale edildi\u011fini belirten \u015eim\u015fek, vatanda\u015flar\u0131n her \u015fartta yan\u0131nda olduklar\u0131n\u0131 ifade etti.<\/p>\n<p>Sosyal belediyecilik vurgusu<br \/>\n<br \/>Halk\u00e7\u0131 ve sosyal belediyecilik anlay\u0131\u015f\u0131n\u0131 kararl\u0131l\u0131kla s\u00fcrd\u00fcrd\u00fcklerini dile getiren \u015eim\u015fek, ihtiya\u00e7 sahibi vatanda\u015flara y\u00f6nelik desteklerin devam edece\u011fini kaydetti. Dayan\u0131\u015fmay\u0131 b\u00fcy\u00fcten ve kimseyi yaln\u0131z b\u0131rakmayan bir y\u00f6netim anlay\u0131\u015f\u0131yla \u00e7al\u0131\u015ft\u0131klar\u0131n\u0131 belirten \u015eim\u015fek, &#8220;Bu kenti seviyoruz ve kentin kalbine dokunan \u00e7al\u0131\u015fmalar\u0131 s\u00fcrd\u00fcrmeye devam edece\u011fiz. Yap\u0131lacak \u00e7ok i\u015fimiz, y\u00fcr\u00fcyecek uzun bir yolumuz var&#8221; dedi.<\/p>\n<p>Ramazan ay\u0131 mesaj\u0131<br \/>\n<br \/>M\u00fcbarek Ramazan ay\u0131na ula\u015fman\u0131n huzurunu payla\u015ft\u0131klar\u0131n\u0131 ifade eden Ba\u015fkan \u015eim\u015fek, Ramazan\u2019\u0131n kentte dayan\u0131\u015fma, payla\u015fma ve karde\u015flik duygular\u0131n\u0131 g\u00fc\u00e7lendirmesini temenni etti. Ramazan boyunca mahallelerde vatanda\u015flarla ayn\u0131 sofrada bulu\u015fmaya devam edeceklerini belirtti.<\/p>\n<p>Mart ay\u0131n\u0131n \u00f6nemli g\u00fcnleri an\u0131ld\u0131<br \/>\n<br \/>Konu\u015fmas\u0131nda Mart ay\u0131ndaki \u00f6nemli g\u00fcnlere de de\u011finen \u015eim\u015fek, 8 Mart D\u00fcnya Emek\u00e7i Kad\u0131nlar G\u00fcn\u00fc dolay\u0131s\u0131yla t\u00fcm kad\u0131nlar\u0131n emek ve m\u00fccadelesini selamlad\u0131. 12 Mart \u0130stiklal Mar\u015f\u0131\u2019n\u0131n kabul\u00fcn\u00fcn, T\u00fcrk milletinin ba\u011f\u0131ms\u0131zl\u0131k iradesinin simgesi oldu\u011funu vurgulayan Ba\u015fkan \u015eim\u015fek, Mehmet Akif Ersoy\u2019un &#8220;Allah bir daha bu millete \u0130stiklal Mar\u015f\u0131 yazd\u0131rmas\u0131n&#8221; s\u00f6z\u00fcn\u00fc hat\u0131rlatt\u0131.<br \/>\n<br \/>Kadir Gecesi\u2019nin t\u00fcm \u0130slam \u00e2lemine huzur ve bereket getirmesini dileyen \u015eim\u015fek, 18 Mart \u00c7anakkale Zaferi dolay\u0131s\u0131yla ba\u015fta Gazi Mustafa Kemal Atat\u00fcrk olmak \u00fczere t\u00fcm kahramanlar\u0131 sayg\u0131 ve rahmetle and\u0131klar\u0131n\u0131 ifade etti. 21 Mart Nevruz Bayram\u0131\u2019n\u0131n da bahar\u0131n ve umudun simgesi oldu\u011funu belirterek, vatanda\u015flar\u0131n Nevruz\u2019unu \u015fimdiden kutlad\u0131.<\/p>\n<p>18 g\u00fcndem maddesi karara ba\u011fland\u0131<br \/>\n<br \/>Konu\u015fmalar\u0131n ard\u0131ndan meclis g\u00fcndemindeki 18 madde g\u00f6r\u00fc\u015f\u00fclerek karara ba\u011fland\u0131. Toplant\u0131 sonunda Ba\u015fkan \u015eim\u015fek, kent i\u00e7in al\u0131nan kararlarda eme\u011fi bulunan t\u00fcm meclis \u00fcyelerine ve sahada fedak\u00e2rca g\u00f6rev yapan belediye \u00e7al\u0131\u015fanlar\u0131na te\u015fekk\u00fcr ederek, dayan\u0131\u015fma i\u00e7inde \u015eehzadeler\u2019i hak etti\u011fi noktaya birlikte ta\u015f\u0131yacaklar\u0131na inand\u0131\u011f\u0131n\u0131 ifade etti. Ayr\u0131ca Ramazan Bayram\u0131\u2019n\u0131n \u00fclkeye ve millete esenlik ve huzur getirmesi temennisinde bulundu.<br \/><\/p>\n","protected":false},"excerpt":{"rendered":"<p>\u015eehzadeler Belediyesi Mart ay\u0131 meclis toplant\u0131s\u0131, Belediye Ba\u015fkan\u0131 Hakan \u015eim\u015fek ba\u015fkanl\u0131\u011f\u0131nda ger\u00e7ekle\u015ftirildi. Toplant\u0131da g\u00fcndemdeki 18 madde karara ba\u011fland\u0131. \u015eehzadeler Belediyesi Mart ay\u0131 meclis toplant\u0131s\u0131, Belediye Ba\u015fkan\u0131 Hakan \u015eim\u015fek ba\u015fkanl\u0131\u011f\u0131nda ger\u00e7ekle\u015ftirildi. \u015eehitler an\u0131s\u0131na yap\u0131lan sayg\u0131 duru\u015fu ve ard\u0131ndan okunan \u0130stiklal Mar\u015f\u0131 ile ba\u015flayan toplant\u0131da Ba\u015fkan \u015eim\u015fek, meclis \u00fcyelerine hitap etti. Ba\u015fkan \u015eim\u015fek konu\u015fmas\u0131nda, ortak ak\u0131l, dayan\u0131\u015fma&#8230;<\/p>\n","protected":false},"author":1,"featured_media":91727,"comment_status":"open","ping_status":"open","sticky":false,"template":"","format":"standard","meta":{"_crdt_document":"","footnotes":""},"categories":[1],"tags":[],"class_list":["post-91726","post","type-post","status-publish","format-standard","has-post-thumbnail","hentry","category-guncel"],"_links":{"self":[{"href":"https:\/\/www.egemtv.com\/index.php?rest_route=\/wp\/v2\/posts\/91726","targetHints":{"allow":["GET"]}}],"collection":[{"href":"https:\/\/www.egemtv.com\/index.php?rest_route=\/wp\/v2\/posts"}],"about":[{"href":"https:\/\/www.egemtv.com\/index.php?rest_route=\/wp\/v2\/types\/post"}],"author":[{"embeddable":true,"href":"https:\/\/www.egemtv.com\/index.php?rest_route=\/wp\/v2\/users\/1"}],"replies":[{"embeddable":true,"href":"https:\/\/www.egemtv.com\/index.php?rest_route=%2Fwp%2Fv2%2Fcomments&post=91726"}],"version-history":[{"count":1,"href":"https:\/\/www.egemtv.com\/index.php?rest_route=\/wp\/v2\/posts\/91726\/revisions"}],"predecessor-version":[{"id":91728,"href":"https:\/\/www.egemtv.com\/index.php?rest_route=\/wp\/v2\/posts\/91726\/revisions\/91728"}],"wp:featuredmedia":[{"embeddable":true,"href":"https:\/\/www.egemtv.com\/index.php?rest_route=\/wp\/v2\/media\/91727"}],"wp:attachment":[{"href":"https:\/\/www.egemtv.com\/index.php?rest_route=%2Fwp%2Fv2%2Fmedia&parent=91726"}],"wp:term":[{"taxonomy":"category","embeddable":true,"href":"https:\/\/www.egemtv.com\/index.php?rest_route=%2Fwp%2Fv2%2Fcategories&post=91726"},{"taxonomy":"post_tag","embeddable":true,"href":"https:\/\/www.egemtv.com\/index.php?rest_route=%2Fwp%2Fv2%2Ftags&post=91726"}],"curies":[{"name":"wp","href":"https:\/\/api.w.org\/{rel}","templated":true}]}}