{"id":91723,"date":"2026-03-04T11:34:59","date_gmt":"2026-03-04T08:34:59","guid":{"rendered":"https:\/\/www.egemtv.com\/?p=91723"},"modified":"2026-03-04T11:35:00","modified_gmt":"2026-03-04T08:35:00","slug":"karsiyaka-icin-mart-ayi-zorlu-gececek","status":"publish","type":"post","link":"https:\/\/www.egemtv.com\/?p=91723","title":{"rendered":"Kar\u015f\u0131yaka i\u00e7in mart ay\u0131 zorlu ge\u00e7ecek"},"content":{"rendered":"<p>Kar\u015f\u0131yaka, mart ay\u0131nda 22 g\u00fcnde kendisi gibi bir \u00fcst lige y\u00fckselmeyi hedefleyen g\u00fc\u00e7l\u00fc rakipleriyle kritik kar\u015f\u0131la\u015fmalara \u00e7\u0131kacak.<br \/>\n<br \/>TFF 3. Lig 4. Grup\u2019ta normal sezonun tamamlanmas\u0131na son 7 ma\u00e7 kald\u0131. Kar\u015f\u0131yaka ise \u00f6zellikle mart ay\u0131yla birlikte gidi\u015fat\u0131n\u0131 belirleyecek zorlu bir fikst\u00fcre girdi. Play-off hatt\u0131n\u0131 yak\u0131ndan ilgilendiren bu s\u00fcre\u00e7te ye\u015fil-k\u0131rm\u0131z\u0131l\u0131lar, puan tablosunda kendisi gibi \u00fcst s\u0131ralar\u0131 hedefleyen rakiplerle kar\u015f\u0131 kar\u015f\u0131ya gelecek. 22 g\u00fcn i\u00e7inde 4 kritik ma\u00e7a \u00e7\u0131kacak \u0130zmir ekibi, ilk olarak 7 Mart Cumartesi g\u00fcn\u00fc 5. s\u0131radaki U\u015fakspor\u2019a konuk olacak.<br \/>\n<br \/>Kaf-Kaf bu m\u00fcsabakan\u0131n ard\u0131ndan 14 Mart Cumartesi g\u00fcn\u00fc Alsancak Mustafa Denizli Stadyumu\u2019nda 4. s\u0131rada bulunan Ayval\u0131kg\u00fcc\u00fc Belediyespor ile kar\u015f\u0131la\u015facak. Bu iki zorlu s\u0131nav\u0131n ard\u0131ndan ye\u015fil-k\u0131rm\u0131z\u0131l\u0131lar, 25 Mart \u00c7ar\u015famba g\u00fcn\u00fc 39 puanla 7. s\u0131rada yer alan ve play-off m\u00fccadelesi veren Denizli \u0130dman Yurdu deplasman\u0131na gidecek.<br \/>\n<br \/>Burhanettin Basatem\u00fcr y\u00f6netimindeki Kar\u015f\u0131yaka, bu yo\u011fun periyodu 29 Mart Pazar g\u00fcn\u00fc \u0130zmir\u2019de 2. s\u0131radaki Eski\u015fehirspor kar\u015f\u0131la\u015fmas\u0131yla tamamlayacak.<br \/><\/p>\n","protected":false},"excerpt":{"rendered":"<p>Kar\u015f\u0131yaka, mart ay\u0131nda 22 g\u00fcnde kendisi gibi bir \u00fcst lige y\u00fckselmeyi hedefleyen g\u00fc\u00e7l\u00fc rakipleriyle kritik kar\u015f\u0131la\u015fmalara \u00e7\u0131kacak. TFF 3. Lig 4. Grup\u2019ta normal sezonun tamamlanmas\u0131na son 7 ma\u00e7 kald\u0131. Kar\u015f\u0131yaka ise \u00f6zellikle mart ay\u0131yla birlikte gidi\u015fat\u0131n\u0131 belirleyecek zorlu bir fikst\u00fcre girdi. Play-off hatt\u0131n\u0131 yak\u0131ndan ilgilendiren bu s\u00fcre\u00e7te ye\u015fil-k\u0131rm\u0131z\u0131l\u0131lar, puan tablosunda kendisi gibi \u00fcst s\u0131ralar\u0131 hedefleyen&#8230;<\/p>\n","protected":false},"author":1,"featured_media":91724,"comment_status":"open","ping_status":"open","sticky":false,"template":"","format":"standard","meta":{"_crdt_document":"","footnotes":""},"categories":[4],"tags":[],"class_list":["post-91723","post","type-post","status-publish","format-standard","has-post-thumbnail","hentry","category-spor"],"_links":{"self":[{"href":"https:\/\/www.egemtv.com\/index.php?rest_route=\/wp\/v2\/posts\/91723","targetHints":{"allow":["GET"]}}],"collection":[{"href":"https:\/\/www.egemtv.com\/index.php?rest_route=\/wp\/v2\/posts"}],"about":[{"href":"https:\/\/www.egemtv.com\/index.php?rest_route=\/wp\/v2\/types\/post"}],"author":[{"embeddable":true,"href":"https:\/\/www.egemtv.com\/index.php?rest_route=\/wp\/v2\/users\/1"}],"replies":[{"embeddable":true,"href":"https:\/\/www.egemtv.com\/index.php?rest_route=%2Fwp%2Fv2%2Fcomments&post=91723"}],"version-history":[{"count":1,"href":"https:\/\/www.egemtv.com\/index.php?rest_route=\/wp\/v2\/posts\/91723\/revisions"}],"predecessor-version":[{"id":91725,"href":"https:\/\/www.egemtv.com\/index.php?rest_route=\/wp\/v2\/posts\/91723\/revisions\/91725"}],"wp:featuredmedia":[{"embeddable":true,"href":"https:\/\/www.egemtv.com\/index.php?rest_route=\/wp\/v2\/media\/91724"}],"wp:attachment":[{"href":"https:\/\/www.egemtv.com\/index.php?rest_route=%2Fwp%2Fv2%2Fmedia&parent=91723"}],"wp:term":[{"taxonomy":"category","embeddable":true,"href":"https:\/\/www.egemtv.com\/index.php?rest_route=%2Fwp%2Fv2%2Fcategories&post=91723"},{"taxonomy":"post_tag","embeddable":true,"href":"https:\/\/www.egemtv.com\/index.php?rest_route=%2Fwp%2Fv2%2Ftags&post=91723"}],"curies":[{"name":"wp","href":"https:\/\/api.w.org\/{rel}","templated":true}]}}