{"id":91720,"date":"2026-03-04T11:34:58","date_gmt":"2026-03-04T08:34:58","guid":{"rendered":"https:\/\/www.egemtv.com\/?p=91720"},"modified":"2026-03-04T11:34:59","modified_gmt":"2026-03-04T08:34:59","slug":"gelecegin-bireyleri-yerel-yonetimi-yerinde-tanidi","status":"publish","type":"post","link":"https:\/\/www.egemtv.com\/?p=91720","title":{"rendered":"Gelece\u011fin bireyleri yerel y\u00f6netimi yerinde tan\u0131d\u0131"},"content":{"rendered":"<p>Isparta\u2019da \u015eehit Hasan H\u00fcseyin G\u00fcl \u0130lkokulu \u00f6\u011frencileri, Belediye Ba\u015fkan\u0131 \u015e\u00fckr\u00fc Ba\u015fde\u011firmen\u2019i ziyaret ederek, yerel y\u00f6netimler konusunda merak ettiklerini sordu. Minik \u00f6\u011frencilerin sorular\u0131n\u0131 yan\u0131tlayan Ba\u015fkan Ba\u015fde\u011firmen, &#8220;\u00c7ocuklar\u0131m\u0131z\u0131n topluma, devletine ve milletine faydal\u0131 bireyler olarak yeti\u015fmelerini sa\u011flamak en b\u00fcy\u00fck hedefimizdir&#8221; dedi.<br \/>\n<br \/>\u015eehit Hasan H\u00fcseyin G\u00fcl \u0130lkokulu 2\/B s\u0131n\u0131f\u0131 \u00f6\u011frencileri, Okul M\u00fcd\u00fcr\u00fc Kadir \u00c7e\u015fmeba\u015f\u0131 ve S\u0131n\u0131f \u00d6\u011fretmeni Hatice Civan ile birlikte Belediye Ba\u015fkan\u0131 \u015e\u00fckr\u00fc Ba\u015fde\u011firmen\u2019i ziyaret etti. Hayat Bilgisi dersinde i\u015fledikleri &#8220;Yerel Y\u00f6netimler&#8221; konusu kapsam\u0131nda ger\u00e7ekle\u015ftirdikleri ziyarette minik \u00f6\u011frenciler, merak ettikleri sorular\u0131 Ba\u015fkan Ba\u015fde\u011firmen\u2019e sordu. Ba\u015fkan Ba\u015fde\u011firmen, yerel y\u00f6netimlerin i\u015fleyi\u015fi ve \u00e7al\u0131\u015fmalar\u0131 hakk\u0131nda \u00f6\u011frencilere bilgiler verdi.<br \/>\n<br \/>\u015eehit Hasan H\u00fcseyin G\u00fcl \u0130lkokulu M\u00fcd\u00fcr\u00fc Kadir \u00c7e\u015fmeba\u015f\u0131, \u2018Tecr\u00fcbe Bana Yol G\u00f6ster\u2019 kapsam\u0131nda Belediye Ba\u015fkan\u0131 \u015e\u00fckr\u00fc Ba\u015fde\u011firmen\u2019e ziyarette bulunduklar\u0131n\u0131 s\u00f6yledi.<br \/>\n<br \/>S\u0131n\u0131f \u00d6\u011fretmeni Hatice Civan da \u00f6\u011frencilerin Belediye Ba\u015fkan\u0131 \u015e\u00fckr\u00fc Ba\u015fde\u011firmen\u2019le Etnografya Hal\u0131 ve Kilim M\u00fczesi\u2019nde kar\u015f\u0131la\u015ft\u0131\u011f\u0131n\u0131 ve daha sonras\u0131nda bulu\u015facaklar\u0131 an\u0131 d\u00f6rt g\u00f6zle beklediklerini belirtti. Bu kar\u015f\u0131la\u015fman\u0131n ard\u0131ndan hemen randevu olu\u015fturuldu\u011funda \u00e7ok mutlu olduklar\u0131na de\u011finen Civan, &#8220;Yeni Maarif Modeli\u2019nde yerel y\u00f6netimlerle ilgili y\u00f6neticileri tan\u0131mak ve bilgi al\u0131\u015fveri\u015fi yapmak amac\u0131yla sizi ziyarete geldik. \u0130lk kar\u015f\u0131la\u015ft\u0131klar\u0131nda sizi \u00e7ok sevdiler. Onlar sizi \u2019\u015e\u00fckr\u00fc dedemiz\u2019 diye biliyorlar. Bizi davet etti\u011finiz ve kabul etti\u011finiz i\u00e7in s\u0131n\u0131f\u0131m ve \u015fahs\u0131m ad\u0131na te\u015fekk\u00fcr ediyorum&#8221; dedi.<br \/>\n<br \/>Ziyaretten duydu\u011fu memnuniyeti ifade eden Ba\u015fkan Ba\u015fde\u011firmen, \u00e7ocuklar\u0131 g\u00f6r\u00fcnce \u00e7ok mutlu olduklar\u0131n\u0131 vurgulad\u0131. \u00c7ocuklar\u0131n g\u00f6zerindeki \u0131\u015f\u0131lt\u0131lar\u0131n geleceklerini g\u00f6sterdi\u011fini ifade eden Ba\u015fde\u011firmen, &#8220;Biz burada bir emanet\u00e7iyiz. Bug\u00fcn burada var\u0131z ama yar\u0131n \u00e7ocuklar\u0131m\u0131z var. Onlara daha g\u00fczel bir gelecek b\u0131rakmak; b\u00fcy\u00fcd\u00fcklerinde \u015fehir ya\u015fam\u0131nda zorluk \u00e7ekmeden, aile bireylerine kar\u015f\u0131 sayg\u0131 ve sevgiyle, toplumsal ya\u015fam\u0131n kurallar\u0131n\u0131 \u00f6\u011frenmi\u015f, toplumuna, devletine ve milletine faydal\u0131 bireyler olarak yeti\u015fmelerini sa\u011flamak en b\u00fcy\u00fck hedefimizdir. Onun i\u00e7in bunlar\u0131 \u00e7ok \u00f6nemsiyoruz&#8221; dedi.<br \/>\n<br \/>\u015eehit Hasan H\u00fcseyin G\u00fcl \u0130lkokulu 2\/B s\u0131n\u0131f\u0131 \u00f6\u011frencileriyle yakla\u015f\u0131k 10 g\u00fcn \u00f6nce Etnografya Hal\u0131 ve Kilim M\u00fczesi \u00f6n\u00fcnde kar\u015f\u0131la\u015ft\u0131klar\u0131na de\u011finen Ba\u015fkan Ba\u015fde\u011firmen, &#8220;Onlarla sohbet etme, biraz zaman ge\u00e7irme imkan\u0131m\u0131z oldu. O g\u00fcn orada 3 s\u0131n\u0131f vard\u0131. \u20183 s\u0131n\u0131f\u0131m\u0131z\u0131 ne zaman arzu ederlerse ayr\u0131 ayr\u0131 belediyemizde misafir edelim\u2019 dedik. Sormak istedikleri sorular vard\u0131r, talepleri vard\u0131r. \u015eehrimizde sadece yeti\u015fkinler ya\u015fam\u0131yor, \u00e7ocuklar\u0131m\u0131z da ya\u015f\u0131yor, onlar\u0131n da baz\u0131 istekleri olabiliyor. O talepleri kendilerinden dinleyerek yerine getirmekten de \u00e7ok mutlu oluruz. Buras\u0131 Belediye Meclis Salonu. Burada \u015fehir i\u00e7in kararlar al\u0131yoruz. Burada farkl\u0131 siyasi partilerden se\u00e7ilen meclis \u00fcyelerimiz yap\u0131lan toplant\u0131larda kararlar al\u0131yorlar. Her ay toplant\u0131 yaparak, Isparta\u2019m\u0131zla ilgili kararlar\u0131 al\u0131yoruz, tart\u0131\u015f\u0131yoruz. Hangisi do\u011fruysa, hangisi Isparta\u2019m\u0131za fayda getirecekse oy \u00e7oklu\u011fuyla, yar\u0131dan bir fazla oyla kabul ederek uygulamaya ge\u00e7iyoruz. Daha sonra al\u0131nan kararlar uygulanarak hizmet olarak geri d\u00f6n\u00fcyor&#8221; dedi.<br \/>\n<br \/>Ba\u015fkan Ba\u015fde\u011firmen, \u00f6\u011frencilere \u00fczerinde isimlerinin yaz\u0131l\u0131 oldu\u011fu kalem hediye etti.<br \/><\/p>\n","protected":false},"excerpt":{"rendered":"<p>Isparta\u2019da \u015eehit Hasan H\u00fcseyin G\u00fcl \u0130lkokulu \u00f6\u011frencileri, Belediye Ba\u015fkan\u0131 \u015e\u00fckr\u00fc Ba\u015fde\u011firmen\u2019i ziyaret ederek, yerel y\u00f6netimler konusunda merak ettiklerini sordu. Minik \u00f6\u011frencilerin sorular\u0131n\u0131 yan\u0131tlayan Ba\u015fkan Ba\u015fde\u011firmen, &#8220;\u00c7ocuklar\u0131m\u0131z\u0131n topluma, devletine ve milletine faydal\u0131 bireyler olarak yeti\u015fmelerini sa\u011flamak en b\u00fcy\u00fck hedefimizdir&#8221; dedi. \u015eehit Hasan H\u00fcseyin G\u00fcl \u0130lkokulu 2\/B s\u0131n\u0131f\u0131 \u00f6\u011frencileri, Okul M\u00fcd\u00fcr\u00fc Kadir \u00c7e\u015fmeba\u015f\u0131 ve S\u0131n\u0131f \u00d6\u011fretmeni Hatice&#8230;<\/p>\n","protected":false},"author":1,"featured_media":91721,"comment_status":"open","ping_status":"open","sticky":false,"template":"","format":"standard","meta":{"_crdt_document":"","footnotes":""},"categories":[1],"tags":[],"class_list":["post-91720","post","type-post","status-publish","format-standard","has-post-thumbnail","hentry","category-guncel"],"_links":{"self":[{"href":"https:\/\/www.egemtv.com\/index.php?rest_route=\/wp\/v2\/posts\/91720","targetHints":{"allow":["GET"]}}],"collection":[{"href":"https:\/\/www.egemtv.com\/index.php?rest_route=\/wp\/v2\/posts"}],"about":[{"href":"https:\/\/www.egemtv.com\/index.php?rest_route=\/wp\/v2\/types\/post"}],"author":[{"embeddable":true,"href":"https:\/\/www.egemtv.com\/index.php?rest_route=\/wp\/v2\/users\/1"}],"replies":[{"embeddable":true,"href":"https:\/\/www.egemtv.com\/index.php?rest_route=%2Fwp%2Fv2%2Fcomments&post=91720"}],"version-history":[{"count":1,"href":"https:\/\/www.egemtv.com\/index.php?rest_route=\/wp\/v2\/posts\/91720\/revisions"}],"predecessor-version":[{"id":91722,"href":"https:\/\/www.egemtv.com\/index.php?rest_route=\/wp\/v2\/posts\/91720\/revisions\/91722"}],"wp:featuredmedia":[{"embeddable":true,"href":"https:\/\/www.egemtv.com\/index.php?rest_route=\/wp\/v2\/media\/91721"}],"wp:attachment":[{"href":"https:\/\/www.egemtv.com\/index.php?rest_route=%2Fwp%2Fv2%2Fmedia&parent=91720"}],"wp:term":[{"taxonomy":"category","embeddable":true,"href":"https:\/\/www.egemtv.com\/index.php?rest_route=%2Fwp%2Fv2%2Fcategories&post=91720"},{"taxonomy":"post_tag","embeddable":true,"href":"https:\/\/www.egemtv.com\/index.php?rest_route=%2Fwp%2Fv2%2Ftags&post=91720"}],"curies":[{"name":"wp","href":"https:\/\/api.w.org\/{rel}","templated":true}]}}