{"id":91717,"date":"2026-03-04T11:34:56","date_gmt":"2026-03-04T08:34:56","guid":{"rendered":"https:\/\/www.egemtv.com\/?p=91717"},"modified":"2026-03-04T11:34:58","modified_gmt":"2026-03-04T08:34:58","slug":"aydinda-hasat-oncesi-cilek-bahceleri-kontrol-edildi","status":"publish","type":"post","link":"https:\/\/www.egemtv.com\/?p=91717","title":{"rendered":"Ayd\u0131n\u2019da hasat \u00f6ncesi \u00e7ilek bah\u00e7eleri kontrol edildi"},"content":{"rendered":"<p>\u00d6nemli tar\u0131m kentlerinden olan Ayd\u0131n\u2019\u0131n K\u00f6\u015fk il\u00e7esinde, hasat \u00f6ncesi \u00e7ilek tarlalar\u0131 hastal\u0131k ve zararl\u0131lara kar\u015f\u0131 kontrol edildi.<\/p>\n<p>T\u00fcrkiye\u2019nin en \u00f6nemli \u00e7ilek \u00fcretim merkezlerinin ba\u015f\u0131nda gelen Ayd\u0131n\u2019da, \u00fcreticiler \u00e7ilek sezonu haz\u0131rl\u0131klar\u0131na ba\u015flad\u0131. K\u00f6\u015fk il\u00e7esinde toprakla bulu\u015fan \u00e7ilek fideleri de hasada haz\u0131rlan\u0131rken, sahaya inen il\u00e7e tar\u0131m ekipleri, hasat \u00f6ncesinde \u00e7ilek tarlalar\u0131nda kontrol ger\u00e7ekle\u015ftirdi. \u00c7ilek tarlalar\u0131ndaki hastal\u0131k ve zararl\u0131 kontrollerini yapan ekipler, m\u00fccadele y\u00f6ntemleri konusunda da \u00fcreticileri bilgilendirdi.<\/p>\n<p>Konu ile ilgili K\u00f6\u015fk \u0130l\u00e7e Tar\u0131m ve Orman M\u00fcd\u00fcrl\u00fc\u011f\u00fc\u2019nden yap\u0131lan a\u00e7\u0131klamada &#8220;\u00c7ilek sezonunun tam aktif olarak a\u00e7\u0131lmas\u0131na k\u0131sa bir s\u00fcre kala il\u00e7emizde 2026 y\u0131l\u0131 KOB\u00dcKS (Kapal\u0131 Ortam Kay\u0131t Sistemi) kay\u0131tlar\u0131 devam etmektedir. KOB\u00dcKS kayd\u0131 kontrolleri esnas\u0131nda ayn\u0131 zamanda \u00fcreticilerimizin \u00e7ilek tarlalar\u0131ndaki hastal\u0131k ve zararl\u0131 kontrolleri yap\u0131lmakta ve m\u00fccadele y\u00f6ntemleri konusunda bilgilendirmeler yap\u0131lmaktad\u0131r. Teknik olarak da her zaman sahaday\u0131z. Her \u015fey \u00fcreticilerimiz i\u00e7in&#8221; ifadeleri yer ald\u0131.<br \/><\/p>\n","protected":false},"excerpt":{"rendered":"<p>\u00d6nemli tar\u0131m kentlerinden olan Ayd\u0131n\u2019\u0131n K\u00f6\u015fk il\u00e7esinde, hasat \u00f6ncesi \u00e7ilek tarlalar\u0131 hastal\u0131k ve zararl\u0131lara kar\u015f\u0131 kontrol edildi. T\u00fcrkiye\u2019nin en \u00f6nemli \u00e7ilek \u00fcretim merkezlerinin ba\u015f\u0131nda gelen Ayd\u0131n\u2019da, \u00fcreticiler \u00e7ilek sezonu haz\u0131rl\u0131klar\u0131na ba\u015flad\u0131. K\u00f6\u015fk il\u00e7esinde toprakla bulu\u015fan \u00e7ilek fideleri de hasada haz\u0131rlan\u0131rken, sahaya inen il\u00e7e tar\u0131m ekipleri, hasat \u00f6ncesinde \u00e7ilek tarlalar\u0131nda kontrol ger\u00e7ekle\u015ftirdi. \u00c7ilek tarlalar\u0131ndaki hastal\u0131k ve&#8230;<\/p>\n","protected":false},"author":1,"featured_media":91718,"comment_status":"open","ping_status":"open","sticky":false,"template":"","format":"standard","meta":{"_crdt_document":"","footnotes":""},"categories":[1],"tags":[],"class_list":["post-91717","post","type-post","status-publish","format-standard","has-post-thumbnail","hentry","category-guncel"],"_links":{"self":[{"href":"https:\/\/www.egemtv.com\/index.php?rest_route=\/wp\/v2\/posts\/91717","targetHints":{"allow":["GET"]}}],"collection":[{"href":"https:\/\/www.egemtv.com\/index.php?rest_route=\/wp\/v2\/posts"}],"about":[{"href":"https:\/\/www.egemtv.com\/index.php?rest_route=\/wp\/v2\/types\/post"}],"author":[{"embeddable":true,"href":"https:\/\/www.egemtv.com\/index.php?rest_route=\/wp\/v2\/users\/1"}],"replies":[{"embeddable":true,"href":"https:\/\/www.egemtv.com\/index.php?rest_route=%2Fwp%2Fv2%2Fcomments&post=91717"}],"version-history":[{"count":1,"href":"https:\/\/www.egemtv.com\/index.php?rest_route=\/wp\/v2\/posts\/91717\/revisions"}],"predecessor-version":[{"id":91719,"href":"https:\/\/www.egemtv.com\/index.php?rest_route=\/wp\/v2\/posts\/91717\/revisions\/91719"}],"wp:featuredmedia":[{"embeddable":true,"href":"https:\/\/www.egemtv.com\/index.php?rest_route=\/wp\/v2\/media\/91718"}],"wp:attachment":[{"href":"https:\/\/www.egemtv.com\/index.php?rest_route=%2Fwp%2Fv2%2Fmedia&parent=91717"}],"wp:term":[{"taxonomy":"category","embeddable":true,"href":"https:\/\/www.egemtv.com\/index.php?rest_route=%2Fwp%2Fv2%2Fcategories&post=91717"},{"taxonomy":"post_tag","embeddable":true,"href":"https:\/\/www.egemtv.com\/index.php?rest_route=%2Fwp%2Fv2%2Ftags&post=91717"}],"curies":[{"name":"wp","href":"https:\/\/api.w.org\/{rel}","templated":true}]}}