{"id":91530,"date":"2026-03-03T13:35:15","date_gmt":"2026-03-03T10:35:15","guid":{"rendered":"https:\/\/www.egemtv.com\/?p=91530"},"modified":"2026-03-03T13:35:15","modified_gmt":"2026-03-03T10:35:15","slug":"her-uzuntu-depresyon-degildir","status":"publish","type":"post","link":"https:\/\/www.egemtv.com\/?p=91530","title":{"rendered":"Her \u00fcz\u00fcnt\u00fc depresyon de\u011fildir"},"content":{"rendered":"<p>Denizli \u00d6zel Egekent Hastanesi Psikolog \u00d6zlem \u00c7alhan \u00d6zel, depresyonun g\u00fcnl\u00fck hayatta s\u0131k\u00e7a kullan\u0131lan bir ifade olmas\u0131na ra\u011fmen ciddi bir ruh sa\u011fl\u0131\u011f\u0131 bozuklu\u011fu oldu\u011funu belirterek, tedavi edilmedi\u011finde a\u011f\u0131r sonu\u00e7lara yol a\u00e7abilece\u011fini s\u00f6yledi.<\/p>\n<p>Denizli \u00d6zel Egekent Hastanesi Psikolog \u00d6zlem \u00c7alhan \u00d6zel, depresyonun ciddi bir ruh sa\u011fl\u0131\u011f\u0131 bozuklu\u011fu oldu\u011funu belirterek \u00f6nemli a\u00e7\u0131klamalarda bulundu. Depresyonun yo\u011fun \u00fcz\u00fcnt\u00fc, keyifsizlik ve mutsuzluk gibi duygularla kendini g\u00f6steren bir duygu durum bozuklu\u011fu oldu\u011funu ifade eden Psikolog \u00d6zlem \u00c7alhan \u00d6zel, daha \u00f6nce zevk al\u0131nan aktivitelerden art\u0131k keyif al\u0131namamas\u0131, uyku problemleri, dikkat ve konsantrasyon sorunlar\u0131, g\u00fcnl\u00fck ya\u015fam rutinlerinin belirgin \u015fekilde aksamas\u0131 gibi belirtilerle ortaya \u00e7\u0131kt\u0131\u011f\u0131n\u0131 vurgulad\u0131. Ayn\u0131 zamanda depresyonun ilerleyen durumlarda \u00f6zk\u0131y\u0131m d\u00fc\u015f\u00fcncelerine kadar gidebilen n\u00f6robili\u015fsel bir bozukluk oldu\u011funu ekledi.<\/p>\n<p>&#8220;Depresyon, ciddi bir ruh sa\u011fl\u0131\u011f\u0131 sorunudur ve tedavi edilmedi\u011finde \u00e7ok ciddi sonu\u00e7lara kadar varabilir&#8221;<br \/>\n<br \/>Son y\u0131llarda depresyon kavram\u0131n\u0131n g\u00fcnl\u00fck dilde yayg\u0131n \u015fekilde kullan\u0131lmaya ba\u015fland\u0131\u011f\u0131n\u0131 vurgulayan \u00d6zel, &#8220;G\u00fcn\u00fcm\u00fczde \u2018Depresyonday\u0131m, \u00e7ok depresif hissediyorum, depresyondan \u00e7\u0131kam\u0131yorum\u2019 gibi ifadeleri s\u0131k\u00e7a duyuyoruz. Ancak depresyon, basit bir mutsuzluk ya da moral bozuklu\u011fu de\u011fildir. Klinik olarak de\u011ferlendirilmesi gereken ciddi bir ruh sa\u011fl\u0131\u011f\u0131 sorunudur ve tedavi edilmedi\u011finde \u00e7ok ciddi sonu\u00e7lara kadar varabilir&#8221; diye konu\u015ftu.<\/p>\n<p>&#8220;Depresyon bir ruh sa\u011fl\u0131\u011f\u0131 bozuklu\u011fu, \u00fcz\u00fcnt\u00fc ise normal bir duygudur; bu ikisini ay\u0131rt etmek gerekir&#8221;<br \/>\n<br \/>\u00dcz\u00fcnt\u00fc ve depresyon aras\u0131ndaki fark\u0131 anlatan Psikolog \u00d6zlem \u00c7alhan \u00d6zel, &#8220;\u00dcz\u00fcnt\u00fc her insan\u0131n hissetti\u011fi, evrensel, do\u011fal ve sa\u011fl\u0131kl\u0131 bir duygudur. \u0130\u015fler yolunda gitmedi\u011finde, hayal k\u0131r\u0131kl\u0131\u011f\u0131 u\u011frad\u0131\u011f\u0131m\u0131zda, kendimizi k\u00f6t\u00fc hissetti\u011fimizde veya bir yak\u0131n\u0131m\u0131z\u0131 kaybetti\u011fimizde bir duygudur. Bu \u00fcz\u00fcnt\u00fc depresyon ile tan\u0131mlanmamal\u0131d\u0131r. Depresyon bir ruh sa\u011fl\u0131\u011f\u0131 bozuklu\u011fudur. \u00dcz\u00fcnt\u00fc ise normal bir duygudur. Bu ikisini \u00e7ok iyi ay\u0131rt etmek gerekir&#8221; dedi.<\/p>\n<p>Depresyonun belirtilerini dile getiren Psikolog \u00d6zlem \u00c7alhan \u00d6zel, &#8220;Enerji kayb\u0131, eskiden zevk veren aktivitelerin art\u0131k zevk vermemeye ba\u015flamas\u0131, sosyal hayatta veya g\u00fcnl\u00fck rutinde aksama, uyku problemleri, dikkat ve konsantrasyon problemleri, \u00f6zk\u0131y\u0131m d\u00fc\u015f\u00fcnceleri, yo\u011fun ve derin su\u00e7luluk hissi, mutsuzluk ve keyifsizlik gibi belirtilerden en az 5 tanesi her g\u00fcn ve en az 2 hafta s\u00fcreyle hi\u00e7 azalmadan var ise ruh sa\u011fl\u0131\u011f\u0131 anlam\u0131nda destek anlam\u0131n\u0131z gerekiyor. Bunlar depresyonun kritikleridir&#8221; diye konu\u015ftu.<\/p>\n<p>&#8220;Uygun y\u00f6ntemler ile depresyondan kurtulmak m\u00fcmk\u00fcn&#8221;<br \/>\n<br \/>Uygun tedavi y\u00f6ntemleri ile depresyondan kurtulman\u0131n m\u00fcmk\u00fcn oldu\u011funu ifade eden Psikolog \u00d6zel, &#8220;Detayl\u0131 psikiyatri muayene ve sonras\u0131nda depresyonu tan\u0131mlamak i\u00e7in kulland\u0131\u011f\u0131m\u0131z \u00f6l\u00e7eklerle depresyonun tan\u0131s\u0131 koyuyoruz. Sonras\u0131nda uygun psikoterapi y\u00f6ntemleri veya gerekti\u011finde uygun psikiyatri tedavi ile bunu destekleyerek depresyon tedavisini planl\u0131yoruz. Bu y\u00f6ntemler ile depresyondan kurtulmak m\u00fcmk\u00fcn&#8221; ifadelerini kulland\u0131.<br \/><\/p>\n","protected":false},"excerpt":{"rendered":"<p>Denizli \u00d6zel Egekent Hastanesi Psikolog \u00d6zlem \u00c7alhan \u00d6zel, depresyonun g\u00fcnl\u00fck hayatta s\u0131k\u00e7a kullan\u0131lan bir ifade olmas\u0131na ra\u011fmen ciddi bir ruh sa\u011fl\u0131\u011f\u0131 bozuklu\u011fu oldu\u011funu belirterek, tedavi edilmedi\u011finde a\u011f\u0131r sonu\u00e7lara yol a\u00e7abilece\u011fini s\u00f6yledi. Denizli \u00d6zel Egekent Hastanesi Psikolog \u00d6zlem \u00c7alhan \u00d6zel, depresyonun ciddi bir ruh sa\u011fl\u0131\u011f\u0131 bozuklu\u011fu oldu\u011funu belirterek \u00f6nemli a\u00e7\u0131klamalarda bulundu. Depresyonun yo\u011fun \u00fcz\u00fcnt\u00fc, keyifsizlik ve&#8230;<\/p>\n","protected":false},"author":1,"featured_media":91531,"comment_status":"open","ping_status":"open","sticky":false,"template":"","format":"standard","meta":{"_crdt_document":"","footnotes":""},"categories":[2],"tags":[],"class_list":["post-91530","post","type-post","status-publish","format-standard","has-post-thumbnail","hentry","category-saglik"],"_links":{"self":[{"href":"https:\/\/www.egemtv.com\/index.php?rest_route=\/wp\/v2\/posts\/91530","targetHints":{"allow":["GET"]}}],"collection":[{"href":"https:\/\/www.egemtv.com\/index.php?rest_route=\/wp\/v2\/posts"}],"about":[{"href":"https:\/\/www.egemtv.com\/index.php?rest_route=\/wp\/v2\/types\/post"}],"author":[{"embeddable":true,"href":"https:\/\/www.egemtv.com\/index.php?rest_route=\/wp\/v2\/users\/1"}],"replies":[{"embeddable":true,"href":"https:\/\/www.egemtv.com\/index.php?rest_route=%2Fwp%2Fv2%2Fcomments&post=91530"}],"version-history":[{"count":1,"href":"https:\/\/www.egemtv.com\/index.php?rest_route=\/wp\/v2\/posts\/91530\/revisions"}],"predecessor-version":[{"id":91532,"href":"https:\/\/www.egemtv.com\/index.php?rest_route=\/wp\/v2\/posts\/91530\/revisions\/91532"}],"wp:featuredmedia":[{"embeddable":true,"href":"https:\/\/www.egemtv.com\/index.php?rest_route=\/wp\/v2\/media\/91531"}],"wp:attachment":[{"href":"https:\/\/www.egemtv.com\/index.php?rest_route=%2Fwp%2Fv2%2Fmedia&parent=91530"}],"wp:term":[{"taxonomy":"category","embeddable":true,"href":"https:\/\/www.egemtv.com\/index.php?rest_route=%2Fwp%2Fv2%2Fcategories&post=91530"},{"taxonomy":"post_tag","embeddable":true,"href":"https:\/\/www.egemtv.com\/index.php?rest_route=%2Fwp%2Fv2%2Ftags&post=91530"}],"curies":[{"name":"wp","href":"https:\/\/api.w.org\/{rel}","templated":true}]}}