{"id":91284,"date":"2026-03-02T14:15:13","date_gmt":"2026-03-02T11:15:13","guid":{"rendered":"https:\/\/www.egemtv.com\/?p=91284"},"modified":"2026-03-02T14:15:14","modified_gmt":"2026-03-02T11:15:14","slug":"ispartada-tir-ile-otomobil-carpisti-2-yarali","status":"publish","type":"post","link":"https:\/\/www.egemtv.com\/?p=91284","title":{"rendered":"Isparta\u2019da t\u0131r ile otomobil \u00e7arp\u0131\u015ft\u0131: 2 yaral\u0131"},"content":{"rendered":"<p>Isparta\u2019n\u0131n Yalva\u00e7 il\u00e7esinde t\u0131r ile otomobilin \u00e7arp\u0131\u015fmas\u0131 sonucu meydana gelen kazada 2 ki\u015fi yaraland\u0131.<br \/>\n<br \/>Kaza, saat 10.00 s\u0131ralar\u0131nda Yalva\u00e7 il\u00e7esi Senirkent Kav\u015fa\u011f\u0131\u2019nda meydana geldi. Edinilen bilgiye g\u00f6re, M.A. idaresindeki 31 AFE 229 plakal\u0131 t\u0131r ile Z.S. y\u00f6netimindeki FN ZF 3235 Almanya plakal\u0131 otomobil kav\u015fakta \u00e7arp\u0131\u015ft\u0131. Kazada otomobil s\u00fcr\u00fcc\u00fcs\u00fc ve ara\u00e7ta yolcu olarak bulunan e\u015fi F.S. yaraland\u0131. \u00c7evredeki vatanda\u015flar\u0131n ihbar\u0131 \u00fczerine olay yerine polis ve sa\u011fl\u0131k ekipleri sevk edildi. Sa\u011fl\u0131k ekiplerinin ilk m\u00fcdahalesinin ard\u0131ndan yaral\u0131lar ambulansla Yalva\u00e7 Devlet Hastanesi\u2019ne kald\u0131r\u0131larak tedavi alt\u0131na al\u0131nd\u0131. Kaza ile ilgili inceleme ba\u015flat\u0131ld\u0131.<\/p>\n","protected":false},"excerpt":{"rendered":"<p>Isparta\u2019n\u0131n Yalva\u00e7 il\u00e7esinde t\u0131r ile otomobilin \u00e7arp\u0131\u015fmas\u0131 sonucu meydana gelen kazada 2 ki\u015fi yaraland\u0131. Kaza, saat 10.00 s\u0131ralar\u0131nda Yalva\u00e7 il\u00e7esi Senirkent Kav\u015fa\u011f\u0131\u2019nda meydana geldi. Edinilen bilgiye g\u00f6re, M.A. idaresindeki 31 AFE 229 plakal\u0131 t\u0131r ile Z.S. y\u00f6netimindeki FN ZF 3235 Almanya plakal\u0131 otomobil kav\u015fakta \u00e7arp\u0131\u015ft\u0131. Kazada otomobil s\u00fcr\u00fcc\u00fcs\u00fc ve ara\u00e7ta yolcu olarak bulunan e\u015fi F.S&#8230;.<\/p>\n","protected":false},"author":1,"featured_media":91285,"comment_status":"open","ping_status":"open","sticky":false,"template":"","format":"standard","meta":{"_crdt_document":"","footnotes":""},"categories":[5],"tags":[],"class_list":["post-91284","post","type-post","status-publish","format-standard","has-post-thumbnail","hentry","category-asayis"],"_links":{"self":[{"href":"https:\/\/www.egemtv.com\/index.php?rest_route=\/wp\/v2\/posts\/91284","targetHints":{"allow":["GET"]}}],"collection":[{"href":"https:\/\/www.egemtv.com\/index.php?rest_route=\/wp\/v2\/posts"}],"about":[{"href":"https:\/\/www.egemtv.com\/index.php?rest_route=\/wp\/v2\/types\/post"}],"author":[{"embeddable":true,"href":"https:\/\/www.egemtv.com\/index.php?rest_route=\/wp\/v2\/users\/1"}],"replies":[{"embeddable":true,"href":"https:\/\/www.egemtv.com\/index.php?rest_route=%2Fwp%2Fv2%2Fcomments&post=91284"}],"version-history":[{"count":1,"href":"https:\/\/www.egemtv.com\/index.php?rest_route=\/wp\/v2\/posts\/91284\/revisions"}],"predecessor-version":[{"id":91286,"href":"https:\/\/www.egemtv.com\/index.php?rest_route=\/wp\/v2\/posts\/91284\/revisions\/91286"}],"wp:featuredmedia":[{"embeddable":true,"href":"https:\/\/www.egemtv.com\/index.php?rest_route=\/wp\/v2\/media\/91285"}],"wp:attachment":[{"href":"https:\/\/www.egemtv.com\/index.php?rest_route=%2Fwp%2Fv2%2Fmedia&parent=91284"}],"wp:term":[{"taxonomy":"category","embeddable":true,"href":"https:\/\/www.egemtv.com\/index.php?rest_route=%2Fwp%2Fv2%2Fcategories&post=91284"},{"taxonomy":"post_tag","embeddable":true,"href":"https:\/\/www.egemtv.com\/index.php?rest_route=%2Fwp%2Fv2%2Ftags&post=91284"}],"curies":[{"name":"wp","href":"https:\/\/api.w.org\/{rel}","templated":true}]}}