{"id":91281,"date":"2026-03-02T14:15:12","date_gmt":"2026-03-02T11:15:12","guid":{"rendered":"https:\/\/www.egemtv.com\/?p=91281"},"modified":"2026-03-02T14:15:13","modified_gmt":"2026-03-02T11:15:13","slug":"baskan-pehlivan-menemenlilerle-gonul-sofralarinda-bulustu","status":"publish","type":"post","link":"https:\/\/www.egemtv.com\/?p=91281","title":{"rendered":"Ba\u015fkan Pehlivan, Menemenlilerle g\u00f6n\u00fcl sofralar\u0131nda bulu\u015ftu"},"content":{"rendered":"<p>Menemen Belediye Ba\u015fkan\u0131 Ayd\u0131n Pehlivan, Ramazan ay\u0131 iftar programlar\u0131nda Menemenlilerle bir araya geliyor. Yo\u011fun kat\u0131l\u0131mla ger\u00e7ekle\u015fen iftar sofralar\u0131n\u0131 bereket olarak tan\u0131mlayan Ba\u015fkan Pehlivan, &#8220;Ellerimizi semaya, g\u00f6n\u00fcllerimizi birlik ve beraberli\u011fe a\u00e7t\u0131\u011f\u0131m\u0131z bu m\u00fcbarek ayda, hem\u015fehrilerimizle g\u00f6n\u00fcl sofralar\u0131nda bulu\u015fman\u0131n huzur ve mutlulu\u011funu ya\u015f\u0131yoruz.&#8221; dedi.<br \/>\n<br \/>Menemen Belediye Ba\u015fkan\u0131 Ayd\u0131n Pehlivan, Ramazan ay\u0131 kapsam\u0131nda ev iftarlar\u0131 ve g\u00f6n\u00fcl sofralar\u0131 kapsam\u0131nda Menemenlilerle bulu\u015fmaya devam ediyor. Daha \u00f6nce \u015fehit aileleri, gaziler, muhtarlar, sivil toplum kurulu\u015flar\u0131 (STK) ve belediye personeliyle iftar yapan Ba\u015fkan Pehlivan, geride kalan hafta sonunda da hem\u015fehrileriyle bir araya geldi. Cuma g\u00fcn\u00fcnden itibaren yo\u011fun bir hafta sonu mesaisi yapan Ba\u015fkan Pehlivan, iftar sofras\u0131nda Cuma g\u00fcn\u00fc asker, polis, jandarma ve zab\u0131ta, Cumartesi g\u00fcn\u00fc engelsiz bireyler, yetimler ve aileleriyle bir araya gelirken, Pazar g\u00fcn\u00fc de AK Parti Menemen \u0130l\u00e7e Ba\u015fkanl\u0131\u011f\u0131 taraf\u0131ndan d\u00fczenlenen vefa iftar\u0131na kat\u0131ld\u0131.<\/p>\n<p>&#8220;Hizmet ve ba\u015far\u0131 varsa, birlikte var&#8221;<br \/>\n<br \/>Kat\u0131ld\u0131\u011f\u0131 iftarlarda birlik, beraberlik ve dayan\u0131\u015fma ile birlikte Ramazan ay\u0131n\u0131n manevi huzurunun k\u0131ymetine de\u011finen Menemen Belediye Ba\u015fkan\u0131 Ayd\u0131n Pehlivan, Menemen\u2019in her ge\u00e7en g\u00fcn daha \u00e7ok tercih edilen bir il\u00e7e, Menemen Belediyesi\u2019nin de \u00f6rnek g\u00f6sterilen bir belediye oldu\u011funu vurgulad\u0131. Ba\u015fkan Pehlivan, &#8220;Bu \u015fehirde hizmet varsa birlikte var.<br \/>\n<br \/>Bu \u015fehirde ba\u015far\u0131 varsa birlikte var. Bug\u00fcn Menemen; yat\u0131r\u0131m yapan, geli\u015fen, \u00f6rnek g\u00f6sterilen bir \u015fehir haline geldiyse Bu sadece belediyenin ba\u015far\u0131s\u0131 de\u011fildir. Bu ba\u015far\u0131da sizin eme\u011finiz, sizin katk\u0131n\u0131z, sizin deste\u011finiz vard\u0131r.&#8221;ifadelerini kulland\u0131.<\/p>\n<p>&#8220;\u0130lham kayna\u011f\u0131m\u0131z Cumhurba\u015fkan\u0131m\u0131z Say\u0131n Recep Tayyip Erdo\u011fan\u2019d\u0131r&#8221;<br \/>\n<br \/>AK Parti Menemen Vefa \u0130ftar\u0131\u2019na kat\u0131lan Ba\u015fkan Pehlivan, &#8220;Bizim ortaya koydu\u011fumuz bu hizmet anlay\u0131\u015f\u0131n\u0131n, bu dava bilincinin, bu g\u00f6n\u00fcl belediyecili\u011finin ilham kayna\u011f\u0131; Cumhurba\u015fkan\u0131m\u0131z, Genel Ba\u015fkan\u0131m\u0131z Say\u0131n Recep Tayyip Erdo\u011fan\u2019d\u0131r. Bizler onun \u2019millete hizmet, Hakk\u2019a hizmettir\u2019 \u015fiar\u0131yla b\u00fcy\u00fcm\u00fc\u015f, eser ve hizmet siyasetiyle yol y\u00fcr\u00fcm\u00fc\u015f bir kadronun mensuplar\u0131y\u0131z. T\u00fcrkiye Y\u00fczy\u0131l\u0131 vizyonunu ortaya koyan, \u015fehirlerimize kimlik kazand\u0131ran, yerel y\u00f6netimleri birer kalk\u0131nma \u00fcss\u00fc haline getiren liderimizin \u00e7izdi\u011fi istikamet do\u011frultusunda Menemen\u2019de \u00e7al\u0131\u015f\u0131yoruz. Bug\u00fcn burada anlatt\u0131\u011f\u0131m\u0131z her ba\u015far\u0131 hik\u00e2yesinin arkas\u0131nda onun ortaya koydu\u011fu g\u00fc\u00e7l\u00fc liderlik, dava \u015fuuru ve hizmet belediyecili\u011fi anlay\u0131\u015f\u0131 vard\u0131r. Allah kendisinden raz\u0131 olsun, ba\u015f\u0131m\u0131zdan eksik etmesin.&#8221; dedi.<\/p>\n<p>&#8220;Her zaman yan\u0131n\u0131zda ve emrinizdeyiz&#8221;<br \/>\n<br \/>Engelsizler ve yetim \u00e7ocuklar ile ailelerinin kat\u0131l\u0131m\u0131yla ger\u00e7ekle\u015fen duygu ve samimiyet do\u011fu iftarda da \u00f6nemli mesajlar veren Ba\u015fkan Pehlivan, &#8220;emrinizdeyiz.&#8221; dedi. Ba\u015fkan Pehlivan, &#8220;\u0130ki b\u00fcy\u00fck emanet var Biri; Peygamber Efendimizin &#8220;emanetimdir&#8221; dedi\u011fi yetim evlatlar\u0131m\u0131z di\u011feri; sabr\u0131n, sevginin ve insanl\u0131\u011f\u0131n en saf halini bize \u00f6\u011freten engelsiz y\u00fcreklerimiz yetim evlatlar\u0131m\u0131z; bize merhameti hat\u0131rlatan bir duad\u0131r \u00d6zel gereksinimli karde\u015flerimiz; bize insan olman\u0131n, payla\u015fman\u0131n ve \u015f\u00fckretmenin en g\u00fczel halidir. Ve biz Menemen\u2019de \u015funa inan\u0131yoruz: Bir \u015fehrin b\u00fcy\u00fckl\u00fc\u011f\u00fc yollar\u0131yla, binalar\u0131yla, projeleriyle de\u011fil; kimsesizine sahip \u00e7\u0131kmas\u0131yla, zay\u0131f\u0131n elinden tutmas\u0131yla, g\u00f6zya\u015f\u0131n\u0131 silmesiyle, kalpleri birle\u015ftirmesiyle \u00f6l\u00e7\u00fcl\u00fcr. Menemen\u2019de hi\u00e7bir evlad\u0131m\u0131z asla yaln\u0131z de\u011fil. Her zaman yan\u0131n\u0131zda ve emrinizdeyiz.&#8221; diye konu\u015ftu.<br \/><\/p>\n","protected":false},"excerpt":{"rendered":"<p>Menemen Belediye Ba\u015fkan\u0131 Ayd\u0131n Pehlivan, Ramazan ay\u0131 iftar programlar\u0131nda Menemenlilerle bir araya geliyor. Yo\u011fun kat\u0131l\u0131mla ger\u00e7ekle\u015fen iftar sofralar\u0131n\u0131 bereket olarak tan\u0131mlayan Ba\u015fkan Pehlivan, &#8220;Ellerimizi semaya, g\u00f6n\u00fcllerimizi birlik ve beraberli\u011fe a\u00e7t\u0131\u011f\u0131m\u0131z bu m\u00fcbarek ayda, hem\u015fehrilerimizle g\u00f6n\u00fcl sofralar\u0131nda bulu\u015fman\u0131n huzur ve mutlulu\u011funu ya\u015f\u0131yoruz.&#8221; dedi. Menemen Belediye Ba\u015fkan\u0131 Ayd\u0131n Pehlivan, Ramazan ay\u0131 kapsam\u0131nda ev iftarlar\u0131 ve g\u00f6n\u00fcl sofralar\u0131&#8230;<\/p>\n","protected":false},"author":1,"featured_media":91282,"comment_status":"open","ping_status":"open","sticky":false,"template":"","format":"standard","meta":{"_crdt_document":"","footnotes":""},"categories":[1],"tags":[],"class_list":["post-91281","post","type-post","status-publish","format-standard","has-post-thumbnail","hentry","category-guncel"],"_links":{"self":[{"href":"https:\/\/www.egemtv.com\/index.php?rest_route=\/wp\/v2\/posts\/91281","targetHints":{"allow":["GET"]}}],"collection":[{"href":"https:\/\/www.egemtv.com\/index.php?rest_route=\/wp\/v2\/posts"}],"about":[{"href":"https:\/\/www.egemtv.com\/index.php?rest_route=\/wp\/v2\/types\/post"}],"author":[{"embeddable":true,"href":"https:\/\/www.egemtv.com\/index.php?rest_route=\/wp\/v2\/users\/1"}],"replies":[{"embeddable":true,"href":"https:\/\/www.egemtv.com\/index.php?rest_route=%2Fwp%2Fv2%2Fcomments&post=91281"}],"version-history":[{"count":1,"href":"https:\/\/www.egemtv.com\/index.php?rest_route=\/wp\/v2\/posts\/91281\/revisions"}],"predecessor-version":[{"id":91283,"href":"https:\/\/www.egemtv.com\/index.php?rest_route=\/wp\/v2\/posts\/91281\/revisions\/91283"}],"wp:featuredmedia":[{"embeddable":true,"href":"https:\/\/www.egemtv.com\/index.php?rest_route=\/wp\/v2\/media\/91282"}],"wp:attachment":[{"href":"https:\/\/www.egemtv.com\/index.php?rest_route=%2Fwp%2Fv2%2Fmedia&parent=91281"}],"wp:term":[{"taxonomy":"category","embeddable":true,"href":"https:\/\/www.egemtv.com\/index.php?rest_route=%2Fwp%2Fv2%2Fcategories&post=91281"},{"taxonomy":"post_tag","embeddable":true,"href":"https:\/\/www.egemtv.com\/index.php?rest_route=%2Fwp%2Fv2%2Ftags&post=91281"}],"curies":[{"name":"wp","href":"https:\/\/api.w.org\/{rel}","templated":true}]}}