{"id":91278,"date":"2026-03-02T14:15:10","date_gmt":"2026-03-02T11:15:10","guid":{"rendered":"https:\/\/www.egemtv.com\/?p=91278"},"modified":"2026-03-02T14:15:11","modified_gmt":"2026-03-02T11:15:11","slug":"yuntdaginda-kirsal-kalkinma-atagi","status":"publish","type":"post","link":"https:\/\/www.egemtv.com\/?p=91278","title":{"rendered":"Yuntda\u011f\u0131\u2019nda k\u0131rsal kalk\u0131nma ata\u011f\u0131"},"content":{"rendered":"<p>Yunusemre Kent Konseyi, Yuntda\u011f\u0131\u2019nda \u00fcretimden pazarlamaya uzanan s\u00fcreci de\u011ferlendirerek kooperatif yap\u0131s\u0131n\u0131n g\u00fc\u00e7lendirilmesine y\u00f6nelik \u00e7al\u0131\u015fmalar ba\u015flatt\u0131.<br \/>\n<br \/>Yunusemre Kent Konseyi, Yuntda\u011f\u0131 b\u00f6lgesinde k\u0131rsal kalk\u0131nma ve kooperatif-le\u015fme odakl\u0131 saha \u00e7al\u0131\u015fmas\u0131 ger\u00e7ekle\u015ftirdi. B\u00f6lgedeki \u00fcretim potansiyelini ye-rinde inceleyen heyet, s\u00fcrd\u00fcr\u00fclebilir kalk\u0131nma hedefi do\u011frultusunda \u00fcretim, i\u015fletme ve pazarlama s\u00fcre\u00e7lerini de\u011ferlendirdi. Konsey \u00e7al\u0131\u015fma ekibi; Orta-k\u00f6y\u2019deki bungalov alanlar\u0131nda y\u00fcr\u00fct\u00fclen k\u0131rsal turizm faaliyetlerini ve Osman-cal\u0131 Mahallesi\u2019nde \u00f6zel a\u011fa\u00e7land\u0131rma projesi kapsam\u0131nda s\u00fcrd\u00fcr\u00fclen badem yeti\u015ftiricili\u011fi \u00e7al\u0131\u015fmalar\u0131n\u0131 yerinde inceledi. Ziyaretlerde k\u0131rsal \u00fcretimin \u00e7e\u015fit-lendirilmesi, katma de\u011ferinin art\u0131r\u0131lmas\u0131 ve b\u00f6lge ekonomisine daha g\u00fc\u00e7l\u00fc katk\u0131 sunmas\u0131 i\u00e7in at\u0131labilecek ad\u0131mlar ele al\u0131nd\u0131. Heyette; k\u0131rsal kalk\u0131nma ve kooperatif\u00e7ilik uzman\u0131 Erdem Ak, Manisa B\u00fcy\u00fck\u015fehir Belediyesi K\u0131rsal Kalk\u0131nma Daire Ba\u015fkan\u0131 Y\u0131lmaz Usta, dijital pazarlama uzman\u0131 Cenk T\u00fclemek, Ziraat M\u00fc-hendisi Nedim Zurnac\u0131, Kocadere \u00c7al\u0131\u015fma Grubu Ba\u015fkan\u0131 Halil Selcan, Gen\u00e7-lik Meclisi Ba\u015fkan\u0131 Mete Tosun, \u0130zmir Devlet Tiyatrosu oyuncusu ve \u00fcretici Ali Hakan Be\u015fen, Kad\u0131n Meclisi Ba\u015fkan\u0131 Suzan C\u00f6mert \u00d6zata ile konsey personeli yer ald\u0131.<br \/>\n<br \/>Yap\u0131lan incelemelerde; kooperatif yap\u0131s\u0131n\u0131n g\u00fc\u00e7lendirilmesi, markala\u015fma \u00e7a-l\u0131\u015fmalar\u0131n\u0131n yayg\u0131nla\u015ft\u0131r\u0131lmas\u0131 ve dijital pazarlama imkanlar\u0131n\u0131n art\u0131r\u0131lmas\u0131 ko-nular\u0131 \u00f6ne \u00e7\u0131kt\u0131. B\u00f6lgedeki tar\u0131msal \u00fcretimin do\u011fru planlama ve ortak ak\u0131lla daha g\u00fc\u00e7l\u00fc bir ekonomik yap\u0131ya kavu\u015fabilece\u011fi vurguland\u0131. Bekta\u015f K\u0131l\u0131n\u00e7, sa-ha \u00e7al\u0131\u015fmalar\u0131na ili\u015fkin de\u011ferlendirmesinde Yuntda\u011f\u0131\u2019nda s\u00fcrd\u00fcr\u00fclebilir kal-k\u0131nma hedefi do\u011frultusunda t\u00fcm payda\u015flarla i\u015f birli\u011fi i\u00e7inde \u00e7al\u0131\u015fmaya de-vam edeceklerini ifade etti. \u00d6te yandan heyet, Akgedik Kad\u0131n \u00c7al\u0131\u015fma Gru-bu\u2019nun faaliyet alan\u0131n\u0131 da ziyaret ederek kad\u0131n eme\u011finin yerel kalk\u0131nmadaki rol\u00fcne dikkat \u00e7ekti.<br \/><\/p>\n","protected":false},"excerpt":{"rendered":"<p>Yunusemre Kent Konseyi, Yuntda\u011f\u0131\u2019nda \u00fcretimden pazarlamaya uzanan s\u00fcreci de\u011ferlendirerek kooperatif yap\u0131s\u0131n\u0131n g\u00fc\u00e7lendirilmesine y\u00f6nelik \u00e7al\u0131\u015fmalar ba\u015flatt\u0131. Yunusemre Kent Konseyi, Yuntda\u011f\u0131 b\u00f6lgesinde k\u0131rsal kalk\u0131nma ve kooperatif-le\u015fme odakl\u0131 saha \u00e7al\u0131\u015fmas\u0131 ger\u00e7ekle\u015ftirdi. B\u00f6lgedeki \u00fcretim potansiyelini ye-rinde inceleyen heyet, s\u00fcrd\u00fcr\u00fclebilir kalk\u0131nma hedefi do\u011frultusunda \u00fcretim, i\u015fletme ve pazarlama s\u00fcre\u00e7lerini de\u011ferlendirdi. Konsey \u00e7al\u0131\u015fma ekibi; Orta-k\u00f6y\u2019deki bungalov alanlar\u0131nda y\u00fcr\u00fct\u00fclen k\u0131rsal turizm faaliyetlerini ve&#8230;<\/p>\n","protected":false},"author":1,"featured_media":91279,"comment_status":"open","ping_status":"open","sticky":false,"template":"","format":"standard","meta":{"_crdt_document":"","footnotes":""},"categories":[125],"tags":[],"class_list":["post-91278","post","type-post","status-publish","format-standard","has-post-thumbnail","hentry","category-ekonomi"],"_links":{"self":[{"href":"https:\/\/www.egemtv.com\/index.php?rest_route=\/wp\/v2\/posts\/91278","targetHints":{"allow":["GET"]}}],"collection":[{"href":"https:\/\/www.egemtv.com\/index.php?rest_route=\/wp\/v2\/posts"}],"about":[{"href":"https:\/\/www.egemtv.com\/index.php?rest_route=\/wp\/v2\/types\/post"}],"author":[{"embeddable":true,"href":"https:\/\/www.egemtv.com\/index.php?rest_route=\/wp\/v2\/users\/1"}],"replies":[{"embeddable":true,"href":"https:\/\/www.egemtv.com\/index.php?rest_route=%2Fwp%2Fv2%2Fcomments&post=91278"}],"version-history":[{"count":1,"href":"https:\/\/www.egemtv.com\/index.php?rest_route=\/wp\/v2\/posts\/91278\/revisions"}],"predecessor-version":[{"id":91280,"href":"https:\/\/www.egemtv.com\/index.php?rest_route=\/wp\/v2\/posts\/91278\/revisions\/91280"}],"wp:featuredmedia":[{"embeddable":true,"href":"https:\/\/www.egemtv.com\/index.php?rest_route=\/wp\/v2\/media\/91279"}],"wp:attachment":[{"href":"https:\/\/www.egemtv.com\/index.php?rest_route=%2Fwp%2Fv2%2Fmedia&parent=91278"}],"wp:term":[{"taxonomy":"category","embeddable":true,"href":"https:\/\/www.egemtv.com\/index.php?rest_route=%2Fwp%2Fv2%2Fcategories&post=91278"},{"taxonomy":"post_tag","embeddable":true,"href":"https:\/\/www.egemtv.com\/index.php?rest_route=%2Fwp%2Fv2%2Ftags&post=91278"}],"curies":[{"name":"wp","href":"https:\/\/api.w.org\/{rel}","templated":true}]}}