{"id":91275,"date":"2026-03-01T22:57:29","date_gmt":"2026-03-01T19:57:29","guid":{"rendered":"https:\/\/www.egemtv.com\/?p=91275"},"modified":"2026-03-01T22:57:30","modified_gmt":"2026-03-01T19:57:30","slug":"tff-3-lig-karsiyaka-3-altay-1","status":"publish","type":"post","link":"https:\/\/www.egemtv.com\/?p=91275","title":{"rendered":"TFF 3. Lig: Kar\u015f\u0131yaka: 3 &#8211; Altay: 1"},"content":{"rendered":"<p>TFF 3. Lig 4. Grup 23. haftas\u0131nda Kar\u015f\u0131yaka, sahas\u0131nda Altay\u2019\u0131 3-1 ma\u011flup etti.<\/p>\n<p>Stat: Alsancak Mustafa Denizli<br \/>\n<br \/>Hakemler: Tayfun Sar\u0131, Sabri \u00dcst\u00fcnel, Enes Berk G\u00fc\u00e7l\u00fc<br \/>\n<br \/>Kar\u015f\u0131yaka: Muharrem Tunay Meral, Harun Kaya, Ensar Akg\u00fcn, Alpay Ero\u011flu, H\u0131d\u0131r Aytekin, Erhan \u00d6zt\u00fcrk (Adem Ye\u015filyurt dk. 84), M\u00fccahit Aslan (Samet Sarg\u0131n dk. 84), \u00d6mer Faruk Sezgin (H\u00fcseyin G\u00fcnd\u00fcz dk. 68), Yasin Uzuno\u011flu (\u0130lyas Ural dk. 90), Selim Demirci, Berat \u015eahin (Murat Arslan dk. 90)<br \/>\n<br \/>Teknik direkt\u00f6r: Burhanettin Basatem\u00fcr<br \/>\n<br \/>Altay: Ula\u015f Hasan \u00d6z\u00e7elik, \u0130brahim Kiravi (Deniz Kadah dk. 59), Sefa \u00d6zdemir, Mert Y\u0131ld\u0131r\u0131m (Hikmet \u00c7olak dk. 66), \u00d6zg\u00fcr \u00d6zkaya, Ceyhun G\u00fclselam (Mehmet Onur Y\u0131ld\u0131z dk. 60), Caner Baycan (Oktay \u00d6zdede dk. 46), Emre Tangeldi, \u0130sa Toygar Ekinci (Ege Parmaks\u0131z dk. 90), Yunus Efe Sar\u0131kaya, \u00dcnal Kavlak<br \/>\n<br \/>Teknik Direkt\u00f6r: Mehmet Can Karag\u00f6z<br \/>\n<br \/>Goller: \u00d6mer Faruk Sezgin (dk. 10 pen.), \u00d6mer Faruk Sezgin (dk. 47), Alpay Ero\u011flu (dk. 67) (Kar\u015f\u0131yaka), H\u0131d\u0131r Aytekin (dk. 65 k.k.) (Altay)<br \/>\n<br \/>Sar\u0131 kartlar: \u00dcnal Kavlak, Oktay \u00d6zdede, Mehmet Onur Y\u0131ld\u0131z, Deniz Kadah, Hikmet \u00c7olak (Altay), Harun Kaya (Kar\u015f\u0131yaka)<br \/><\/p>\n","protected":false},"excerpt":{"rendered":"<p>TFF 3. Lig 4. Grup 23. haftas\u0131nda Kar\u015f\u0131yaka, sahas\u0131nda Altay\u2019\u0131 3-1 ma\u011flup etti. Stat: Alsancak Mustafa Denizli Hakemler: Tayfun Sar\u0131, Sabri \u00dcst\u00fcnel, Enes Berk G\u00fc\u00e7l\u00fc Kar\u015f\u0131yaka: Muharrem Tunay Meral, Harun Kaya, Ensar Akg\u00fcn, Alpay Ero\u011flu, H\u0131d\u0131r Aytekin, Erhan \u00d6zt\u00fcrk (Adem Ye\u015filyurt dk. 84), M\u00fccahit Aslan (Samet Sarg\u0131n dk. 84), \u00d6mer Faruk Sezgin (H\u00fcseyin G\u00fcnd\u00fcz dk&#8230;.<\/p>\n","protected":false},"author":1,"featured_media":91276,"comment_status":"open","ping_status":"open","sticky":false,"template":"","format":"standard","meta":{"_crdt_document":"","footnotes":""},"categories":[4],"tags":[],"class_list":["post-91275","post","type-post","status-publish","format-standard","has-post-thumbnail","hentry","category-spor"],"_links":{"self":[{"href":"https:\/\/www.egemtv.com\/index.php?rest_route=\/wp\/v2\/posts\/91275","targetHints":{"allow":["GET"]}}],"collection":[{"href":"https:\/\/www.egemtv.com\/index.php?rest_route=\/wp\/v2\/posts"}],"about":[{"href":"https:\/\/www.egemtv.com\/index.php?rest_route=\/wp\/v2\/types\/post"}],"author":[{"embeddable":true,"href":"https:\/\/www.egemtv.com\/index.php?rest_route=\/wp\/v2\/users\/1"}],"replies":[{"embeddable":true,"href":"https:\/\/www.egemtv.com\/index.php?rest_route=%2Fwp%2Fv2%2Fcomments&post=91275"}],"version-history":[{"count":1,"href":"https:\/\/www.egemtv.com\/index.php?rest_route=\/wp\/v2\/posts\/91275\/revisions"}],"predecessor-version":[{"id":91277,"href":"https:\/\/www.egemtv.com\/index.php?rest_route=\/wp\/v2\/posts\/91275\/revisions\/91277"}],"wp:featuredmedia":[{"embeddable":true,"href":"https:\/\/www.egemtv.com\/index.php?rest_route=\/wp\/v2\/media\/91276"}],"wp:attachment":[{"href":"https:\/\/www.egemtv.com\/index.php?rest_route=%2Fwp%2Fv2%2Fmedia&parent=91275"}],"wp:term":[{"taxonomy":"category","embeddable":true,"href":"https:\/\/www.egemtv.com\/index.php?rest_route=%2Fwp%2Fv2%2Fcategories&post=91275"},{"taxonomy":"post_tag","embeddable":true,"href":"https:\/\/www.egemtv.com\/index.php?rest_route=%2Fwp%2Fv2%2Ftags&post=91275"}],"curies":[{"name":"wp","href":"https:\/\/api.w.org\/{rel}","templated":true}]}}