{"id":91272,"date":"2026-03-01T21:54:53","date_gmt":"2026-03-01T18:54:53","guid":{"rendered":"https:\/\/www.egemtv.com\/?p=91272"},"modified":"2026-03-01T21:54:54","modified_gmt":"2026-03-01T18:54:54","slug":"datcada-86-sokak-esnafindan-400-kisilik-iftar","status":"publish","type":"post","link":"https:\/\/www.egemtv.com\/?p=91272","title":{"rendered":"Dat\u00e7a\u2019da 86. Sokak esnaf\u0131ndan 400 ki\u015filik iftar"},"content":{"rendered":"<p>Mu\u011fla\u2019n\u0131n Dat\u00e7a il\u00e7esinde 86. Sokak esnaf\u0131 taraf\u0131ndan Ramazan ay\u0131 dolay\u0131s\u0131yla d\u00fczenlenen iftar program\u0131nda yakla\u015f\u0131k 400 ki\u015fi ayn\u0131 sofrada bulu\u015ftu. \u0130l\u00e7e protokol\u00fc ve vatanda\u015flar\u0131n kat\u0131ld\u0131\u011f\u0131 programda birlik ve beraberlik mesajlar\u0131 verildi.<\/p>\n<p>Ramazan ay\u0131n\u0131n payla\u015fma ve dayan\u0131\u015fma ruhunu ya\u015fatmak amac\u0131yla 86. Sokak esnaf\u0131 taraf\u0131ndan organize edilen iftar yeme\u011fi, Kur\u2019an-\u0131 Kerim tilaveti ile ba\u015flad\u0131. Dualar\u0131n ard\u0131ndan okunan ezanla birlikte vatanda\u015flar hep birlikte oru\u00e7lar\u0131n\u0131 a\u00e7t\u0131. \u0130ftar program\u0131na Dat\u00e7a Kaymakam\u0131 Murat At\u0131c\u0131 ba\u015fta olmak \u00fczere, daire m\u00fcd\u00fcrleri, siyasi parti temsilcileri, esnaf ve \u00e7ok say\u0131da vatanda\u015f kat\u0131ld\u0131. Kaymakam At\u0131c\u0131, Ramazan ay\u0131n\u0131n birlik ve beraberli\u011fi g\u00fc\u00e7lendiren bir d\u00f6nem oldu\u011funu belirterek organizasyonu d\u00fczenleyen esnafa te\u015fekk\u00fcr etti. Vatanda\u015flar ise b\u00f6yle anlaml\u0131 bir organizasyonda bir araya gelmekten memnuniyet duyduklar\u0131n\u0131 ifade etti. Sokak esnaf\u0131 da Ramazan ay\u0131n\u0131n manevi atmosferini birlikte ya\u015faman\u0131n mutlulu\u011funu payla\u015ft\u0131klar\u0131n\u0131 belirtti.<br \/><\/p>\n","protected":false},"excerpt":{"rendered":"<p>Mu\u011fla\u2019n\u0131n Dat\u00e7a il\u00e7esinde 86. Sokak esnaf\u0131 taraf\u0131ndan Ramazan ay\u0131 dolay\u0131s\u0131yla d\u00fczenlenen iftar program\u0131nda yakla\u015f\u0131k 400 ki\u015fi ayn\u0131 sofrada bulu\u015ftu. \u0130l\u00e7e protokol\u00fc ve vatanda\u015flar\u0131n kat\u0131ld\u0131\u011f\u0131 programda birlik ve beraberlik mesajlar\u0131 verildi. Ramazan ay\u0131n\u0131n payla\u015fma ve dayan\u0131\u015fma ruhunu ya\u015fatmak amac\u0131yla 86. Sokak esnaf\u0131 taraf\u0131ndan organize edilen iftar yeme\u011fi, Kur\u2019an-\u0131 Kerim tilaveti ile ba\u015flad\u0131. Dualar\u0131n ard\u0131ndan okunan ezanla&#8230;<\/p>\n","protected":false},"author":1,"featured_media":91273,"comment_status":"open","ping_status":"open","sticky":false,"template":"","format":"standard","meta":{"_crdt_document":"","footnotes":""},"categories":[1],"tags":[],"class_list":["post-91272","post","type-post","status-publish","format-standard","has-post-thumbnail","hentry","category-guncel"],"_links":{"self":[{"href":"https:\/\/www.egemtv.com\/index.php?rest_route=\/wp\/v2\/posts\/91272","targetHints":{"allow":["GET"]}}],"collection":[{"href":"https:\/\/www.egemtv.com\/index.php?rest_route=\/wp\/v2\/posts"}],"about":[{"href":"https:\/\/www.egemtv.com\/index.php?rest_route=\/wp\/v2\/types\/post"}],"author":[{"embeddable":true,"href":"https:\/\/www.egemtv.com\/index.php?rest_route=\/wp\/v2\/users\/1"}],"replies":[{"embeddable":true,"href":"https:\/\/www.egemtv.com\/index.php?rest_route=%2Fwp%2Fv2%2Fcomments&post=91272"}],"version-history":[{"count":1,"href":"https:\/\/www.egemtv.com\/index.php?rest_route=\/wp\/v2\/posts\/91272\/revisions"}],"predecessor-version":[{"id":91274,"href":"https:\/\/www.egemtv.com\/index.php?rest_route=\/wp\/v2\/posts\/91272\/revisions\/91274"}],"wp:featuredmedia":[{"embeddable":true,"href":"https:\/\/www.egemtv.com\/index.php?rest_route=\/wp\/v2\/media\/91273"}],"wp:attachment":[{"href":"https:\/\/www.egemtv.com\/index.php?rest_route=%2Fwp%2Fv2%2Fmedia&parent=91272"}],"wp:term":[{"taxonomy":"category","embeddable":true,"href":"https:\/\/www.egemtv.com\/index.php?rest_route=%2Fwp%2Fv2%2Fcategories&post=91272"},{"taxonomy":"post_tag","embeddable":true,"href":"https:\/\/www.egemtv.com\/index.php?rest_route=%2Fwp%2Fv2%2Ftags&post=91272"}],"curies":[{"name":"wp","href":"https:\/\/api.w.org\/{rel}","templated":true}]}}