{"id":91269,"date":"2026-03-01T21:54:52","date_gmt":"2026-03-01T18:54:52","guid":{"rendered":"https:\/\/www.egemtv.com\/?p=91269"},"modified":"2026-03-01T21:54:53","modified_gmt":"2026-03-01T18:54:53","slug":"tki-tavsanli-linyitspor-evinde-kaybetti-0-1","status":"publish","type":"post","link":"https:\/\/www.egemtv.com\/?p=91269","title":{"rendered":"TK\u0130 Tav\u015fanl\u0131 Linyitspor evinde kaybetti: 0-1"},"content":{"rendered":"<p>B\u00f6lgesel Amat\u00f6r Lig 5. Grup\u2019ta m\u00fccadele eden TK\u0130 Tav\u015fanl\u0131 Linyitspor, sahas\u0131nda konuk etti\u011fi Ke\u00e7i\u00f6ren Belediyesi Ba\u011flumspor\u2019a 1-0 ma\u011flup olarak haftay\u0131 puans\u0131z kapatt\u0131.<br \/>\n<br \/>B\u00f6lgesel Amat\u00f6r Lig 5. Grup\u2019un kritik kar\u015f\u0131la\u015fmalar\u0131ndan birinde K\u00fctahya temsilcisi TK\u0130 Tav\u015fanl\u0131 Linyitspor, Ankara ekibini Ada Stad\u0131\u2019nda a\u011f\u0131rlad\u0131. G\u00fcne\u015fli havay\u0131 f\u0131rsat bilen taraftarlar\u0131n trib\u00fcnleri doldurdu\u011fu m\u00fccadelede, ev sahibi ekip arad\u0131\u011f\u0131 gol\u00fc bulamad\u0131.<br \/>\n<br \/>Kar\u015f\u0131la\u015fmay\u0131 Muhammet Kantaro\u011flu y\u00f6netirken, yard\u0131mc\u0131l\u0131klar\u0131n\u0131 Abdulsamet Ye\u015filba\u015f ve Fatma G\u00fcl G\u00fczel \u00fcstlendi.<br \/>\n<br \/>M\u00fccadeleye tutuk ba\u015flayan Tav\u015fanl\u0131 temsilcisi, ma\u00e7\u0131n 16. dakikas\u0131nda Hakan \u00d6zt\u00fcrk\u2019\u00fcn gol\u00fcne engel olamad\u0131 ve 1-0 geriye d\u00fc\u015ft\u00fc. Golden sonra rakip kalede bask\u0131 kurmaya \u00e7al\u0131\u015fan k\u0131rm\u0131z\u0131-siyahl\u0131lar, son paslardaki etkisizlik nedeniyle skoru dengeleyemedi ve ilk yar\u0131 konuk ekibin \u00fcst\u00fcnl\u00fc\u011f\u00fcyle tamamland\u0131.<br \/>\n<br \/>\u0130kinci yar\u0131ya daha istekli ba\u015flayan TK\u0130 Tav\u015fanl\u0131 Linyitspor, oyunu rakip yar\u0131 sahaya y\u0131kt\u0131. Kar\u015f\u0131la\u015fman\u0131n 63. dakikas\u0131nda golc\u00fc oyuncu \u0130brahim Zeytin\u2019in kaleciyle kar\u015f\u0131 kar\u015f\u0131ya kald\u0131\u011f\u0131 pozisyonda yapt\u0131\u011f\u0131 vuru\u015f, savunma taraf\u0131ndan son anda kale \u00e7izgisi \u00fczerinden \u00e7\u0131kar\u0131ld\u0131. Topun \u00e7izgiyi ge\u00e7ti\u011fi y\u00f6n\u00fcndeki yo\u011fun itirazlar \u00fczerine oyun yakla\u015f\u0131k 5 dakika dururken, hakem heyetinin devam karar\u0131 trib\u00fcnlerde b\u00fcy\u00fck tepkiye neden oldu.<br \/>\n<br \/>Ma\u00e7\u0131n son b\u00f6l\u00fcm\u00fcnde Ke\u00e7i\u00f6ren Belediyesi Ba\u011flumspor\u2019un oyunu yava\u015flatan anlay\u0131\u015f\u0131 ve savunma disiplini, Tav\u015fanl\u0131 ekibinin beraberlik umutlar\u0131n\u0131 bo\u015fa \u00e7\u0131kard\u0131. 8 dakikal\u0131k uzatma b\u00f6l\u00fcm\u00fcnde de gol sesi \u00e7\u0131kmay\u0131nca, konuk ekip sahadan 1-0 galip ayr\u0131larak liderlik koltu\u011funa oturdu.<br \/>\n<br \/>E\u015fme Belediyespor\u2019un bay ge\u00e7ti\u011fi haftada \u00f6nemli bir f\u0131rsat\u0131 de\u011ferlendiremeyen TK\u0130 Tav\u015fanl\u0131 Linyitspor ise zirve yar\u0131\u015f\u0131nda kritik bir kay\u0131p ya\u015fad\u0131.<br \/><\/p>\n","protected":false},"excerpt":{"rendered":"<p>B\u00f6lgesel Amat\u00f6r Lig 5. Grup\u2019ta m\u00fccadele eden TK\u0130 Tav\u015fanl\u0131 Linyitspor, sahas\u0131nda konuk etti\u011fi Ke\u00e7i\u00f6ren Belediyesi Ba\u011flumspor\u2019a 1-0 ma\u011flup olarak haftay\u0131 puans\u0131z kapatt\u0131. B\u00f6lgesel Amat\u00f6r Lig 5. Grup\u2019un kritik kar\u015f\u0131la\u015fmalar\u0131ndan birinde K\u00fctahya temsilcisi TK\u0130 Tav\u015fanl\u0131 Linyitspor, Ankara ekibini Ada Stad\u0131\u2019nda a\u011f\u0131rlad\u0131. G\u00fcne\u015fli havay\u0131 f\u0131rsat bilen taraftarlar\u0131n trib\u00fcnleri doldurdu\u011fu m\u00fccadelede, ev sahibi ekip arad\u0131\u011f\u0131 gol\u00fc bulamad\u0131. Kar\u015f\u0131la\u015fmay\u0131&#8230;<\/p>\n","protected":false},"author":1,"featured_media":91270,"comment_status":"open","ping_status":"open","sticky":false,"template":"","format":"standard","meta":{"_crdt_document":"","footnotes":""},"categories":[4],"tags":[],"class_list":["post-91269","post","type-post","status-publish","format-standard","has-post-thumbnail","hentry","category-spor"],"_links":{"self":[{"href":"https:\/\/www.egemtv.com\/index.php?rest_route=\/wp\/v2\/posts\/91269","targetHints":{"allow":["GET"]}}],"collection":[{"href":"https:\/\/www.egemtv.com\/index.php?rest_route=\/wp\/v2\/posts"}],"about":[{"href":"https:\/\/www.egemtv.com\/index.php?rest_route=\/wp\/v2\/types\/post"}],"author":[{"embeddable":true,"href":"https:\/\/www.egemtv.com\/index.php?rest_route=\/wp\/v2\/users\/1"}],"replies":[{"embeddable":true,"href":"https:\/\/www.egemtv.com\/index.php?rest_route=%2Fwp%2Fv2%2Fcomments&post=91269"}],"version-history":[{"count":1,"href":"https:\/\/www.egemtv.com\/index.php?rest_route=\/wp\/v2\/posts\/91269\/revisions"}],"predecessor-version":[{"id":91271,"href":"https:\/\/www.egemtv.com\/index.php?rest_route=\/wp\/v2\/posts\/91269\/revisions\/91271"}],"wp:featuredmedia":[{"embeddable":true,"href":"https:\/\/www.egemtv.com\/index.php?rest_route=\/wp\/v2\/media\/91270"}],"wp:attachment":[{"href":"https:\/\/www.egemtv.com\/index.php?rest_route=%2Fwp%2Fv2%2Fmedia&parent=91269"}],"wp:term":[{"taxonomy":"category","embeddable":true,"href":"https:\/\/www.egemtv.com\/index.php?rest_route=%2Fwp%2Fv2%2Fcategories&post=91269"},{"taxonomy":"post_tag","embeddable":true,"href":"https:\/\/www.egemtv.com\/index.php?rest_route=%2Fwp%2Fv2%2Ftags&post=91269"}],"curies":[{"name":"wp","href":"https:\/\/api.w.org\/{rel}","templated":true}]}}