{"id":91266,"date":"2026-03-01T21:54:51","date_gmt":"2026-03-01T18:54:51","guid":{"rendered":"https:\/\/www.egemtv.com\/?p=91266"},"modified":"2026-03-01T21:54:52","modified_gmt":"2026-03-01T18:54:52","slug":"kutahyaspordan-nazillispora-gol-yagmuru-8-0","status":"publish","type":"post","link":"https:\/\/www.egemtv.com\/?p=91266","title":{"rendered":"K\u00fctahyaspor\u2019dan Nazillispor\u2019a gol ya\u011fmuru: 8-0"},"content":{"rendered":"<p>K\u00fctahyaspor, TFF 3. Lig 4. Grup\u2019un 23. haftas\u0131nda sahas\u0131nda Nazillispor\u2019u 8-0 gibi farkl\u0131 bir skorla ma\u011flup etti.<br \/>\n<br \/>K\u00fctahyaspor, TFF 3. Lig 4. Grup\u2019un 23. haftas\u0131nda oynanan kar\u015f\u0131la\u015fmaya taraftar\u0131n\u0131n yo\u011fun deste\u011fiyle ba\u015flad\u0131. Ma\u00e7\u0131n ilk d\u00fcd\u00fc\u011f\u00fcyle birlikte \u00f6n alanda bask\u0131 kuran ev sahibi ekip, oyunun kontrol\u00fcn\u00fc erken dakikalarda ele ald\u0131. Kar\u015f\u0131la\u015fman\u0131n 7. dakikas\u0131nda kazan\u0131lan korner at\u0131\u015f\u0131nda arka direkte topu a\u011flara g\u00f6nderen Ahmet Teker, K\u00fctahyaspor\u2019u 1-0 \u00f6ne ge\u00e7irdi.<br \/>\n<br \/>Bask\u0131s\u0131n\u0131 s\u00fcrd\u00fcren mavi-lacivertliler, 33. dakikada ceza sahas\u0131nda topla bulu\u015fan Aykut \u00c7ift\u2019in gol\u00fcyle fark\u0131 ikiye \u00e7\u0131kard\u0131: 2-0.<br \/>\n<br \/>\u0130lk yar\u0131n\u0131n son anlar\u0131nda savunma hatas\u0131n\u0131 iyi de\u011ferlendiren Aykut \u00c7ift, kendisinin ikinci, tak\u0131m\u0131n\u0131n \u00fc\u00e7\u00fcnc\u00fc gol\u00fcn\u00fc kaydederek skoru 3-0 yapt\u0131. K\u00fctahyaspor, soyunma odas\u0131na 3-0 \u00fcst\u00fcn girdi.<br \/>\n<br \/>\u0130kinci yar\u0131ya da etkili ba\u015flayan K\u00fctahyaspor, 49. dakikada bir kez daha Aykut \u00c7ift\u2019in aya\u011f\u0131ndan buldu\u011fu golle skoru 4-0\u2019a ta\u015f\u0131d\u0131.<br \/>\n<br \/>58. dakikada yine sahneye \u00e7\u0131kan Aykut \u00c7ift, fark\u0131 be\u015fe \u00e7\u0131karan gol\u00fc kaydetti: 5-0.<br \/>\n<br \/>M\u00fccadelenin 72. dakikas\u0131nda Veysel Karani \u00dcnal fileleri havaland\u0131rarak durumu 6-0 yapt\u0131.<br \/>\n<br \/>Son dakikalarda Ender K\u0131l\u0131\u00e7 kafa vuru\u015fuyla skoru 7-0\u2019a getirdi.<br \/>\n<br \/>Uzatma dakikalar\u0131nda ise Yi\u011fit Emir Ekiz\u2019in gol\u00fcyle kar\u015f\u0131la\u015fman\u0131n sonucu belirlendi: 8-0.<br \/>\n<br \/>Kar\u015f\u0131la\u015fman\u0131n ard\u0131ndan K\u00fctahya Belediye Ba\u015fkan\u0131 Ey\u00fcp Kahveci bir a\u00e7\u0131klama yapt\u0131. Ba\u015fkan Kahveci a\u00e7\u0131klamas\u0131nda,<br \/>\n<br \/>&#8220;\u015eehrimizin ortak de\u011feri, ligin lideri K\u00fctahyaspor\u2019umuz, Nazillispor\u2019u 8-0\u2019l\u0131k muhte\u015fem bir skorla ma\u011flup ederek t\u00fcm K\u00fctahya\u2019m\u0131z\u0131n gururunu kazand\u0131. Trib\u00fcnden destekledi\u011fimiz bu zafer, sahadaki oyuncular\u0131m\u0131z\u0131n emek ve azmi, teknik ekibimizin ve y\u00f6netim kurulumuzun \u00f6zverisi ve trib\u00fcnlerdeki de\u011ferli taraftarlar\u0131m\u0131z\u0131n co\u015fkulu deste\u011fiyle m\u00fcmk\u00fcn oldu. Hep birlikte g\u00f6sterdik ki; \u015fehir bizim, tak\u0131m bizim. Nice ma\u00e7larda, nice zaferlerde bu heyecan\u0131 birlikte ya\u015famak dile\u011fiyle&#8221; ifadelerine yer verdi.<br \/><\/p>\n","protected":false},"excerpt":{"rendered":"<p>K\u00fctahyaspor, TFF 3. Lig 4. Grup\u2019un 23. haftas\u0131nda sahas\u0131nda Nazillispor\u2019u 8-0 gibi farkl\u0131 bir skorla ma\u011flup etti. K\u00fctahyaspor, TFF 3. Lig 4. Grup\u2019un 23. haftas\u0131nda oynanan kar\u015f\u0131la\u015fmaya taraftar\u0131n\u0131n yo\u011fun deste\u011fiyle ba\u015flad\u0131. Ma\u00e7\u0131n ilk d\u00fcd\u00fc\u011f\u00fcyle birlikte \u00f6n alanda bask\u0131 kuran ev sahibi ekip, oyunun kontrol\u00fcn\u00fc erken dakikalarda ele ald\u0131. Kar\u015f\u0131la\u015fman\u0131n 7. dakikas\u0131nda kazan\u0131lan korner at\u0131\u015f\u0131nda arka&#8230;<\/p>\n","protected":false},"author":1,"featured_media":91267,"comment_status":"open","ping_status":"open","sticky":false,"template":"","format":"standard","meta":{"_crdt_document":"","footnotes":""},"categories":[4],"tags":[],"class_list":["post-91266","post","type-post","status-publish","format-standard","has-post-thumbnail","hentry","category-spor"],"_links":{"self":[{"href":"https:\/\/www.egemtv.com\/index.php?rest_route=\/wp\/v2\/posts\/91266","targetHints":{"allow":["GET"]}}],"collection":[{"href":"https:\/\/www.egemtv.com\/index.php?rest_route=\/wp\/v2\/posts"}],"about":[{"href":"https:\/\/www.egemtv.com\/index.php?rest_route=\/wp\/v2\/types\/post"}],"author":[{"embeddable":true,"href":"https:\/\/www.egemtv.com\/index.php?rest_route=\/wp\/v2\/users\/1"}],"replies":[{"embeddable":true,"href":"https:\/\/www.egemtv.com\/index.php?rest_route=%2Fwp%2Fv2%2Fcomments&post=91266"}],"version-history":[{"count":1,"href":"https:\/\/www.egemtv.com\/index.php?rest_route=\/wp\/v2\/posts\/91266\/revisions"}],"predecessor-version":[{"id":91268,"href":"https:\/\/www.egemtv.com\/index.php?rest_route=\/wp\/v2\/posts\/91266\/revisions\/91268"}],"wp:featuredmedia":[{"embeddable":true,"href":"https:\/\/www.egemtv.com\/index.php?rest_route=\/wp\/v2\/media\/91267"}],"wp:attachment":[{"href":"https:\/\/www.egemtv.com\/index.php?rest_route=%2Fwp%2Fv2%2Fmedia&parent=91266"}],"wp:term":[{"taxonomy":"category","embeddable":true,"href":"https:\/\/www.egemtv.com\/index.php?rest_route=%2Fwp%2Fv2%2Fcategories&post=91266"},{"taxonomy":"post_tag","embeddable":true,"href":"https:\/\/www.egemtv.com\/index.php?rest_route=%2Fwp%2Fv2%2Ftags&post=91266"}],"curies":[{"name":"wp","href":"https:\/\/api.w.org\/{rel}","templated":true}]}}