{"id":91263,"date":"2026-03-01T21:38:57","date_gmt":"2026-03-01T18:38:57","guid":{"rendered":"https:\/\/www.egemtv.com\/?p=91263"},"modified":"2026-03-01T21:38:58","modified_gmt":"2026-03-01T18:38:58","slug":"baskan-cercioglu-koskte-vatandaslarla-iftar-sofrasinda-bir-araya-geldi","status":"publish","type":"post","link":"https:\/\/www.egemtv.com\/?p=91263","title":{"rendered":"Ba\u015fkan \u00c7er\u00e7io\u011flu K\u00f6\u015fk\u2019te vatanda\u015flarla iftar sofras\u0131nda bir araya geldi"},"content":{"rendered":"<p>Ayd\u0131n B\u00fcy\u00fck\u015fehir Belediyesi taraf\u0131ndan Ramazan ay\u0131 nedeniyle kentin farkl\u0131 noktalar\u0131nda iftar sofralar\u0131 kurulmaya devam ediyor. B\u00fcy\u00fck\u015fehir Belediyesi\u2019nin sofralar\u0131nda binlerce Ayd\u0131nl\u0131 iftarlar\u0131n\u0131 hep birlikte a\u00e7\u0131yor.<\/p>\n<p>B\u00fcy\u00fck\u015fehir Belediyesi taraf\u0131ndan bug\u00fcn Efeler il\u00e7esinde Atat\u00fcrk Kent Meydan\u0131\u2019nda ve E\u011frikavak Mahallesi\u2019nde, Karpuzlu il\u00e7esinde Yeni Mahalle\u2019de, Germencik il\u00e7esinde Cumhuriyet Meydan\u0131\u2019nda, Ko\u00e7arl\u0131 il\u00e7esinde Yenik\u00f6y Mahallesi\u2019nde, Sultanhisar il\u00e7esinde Salavatl\u0131 Mahallesi\u2019nde, Kuyucak il\u00e7esinde Kurtulu\u015f Mahallesi\u2019nde ve K\u00f6\u015fk il\u00e7esinde Ak\u00e7ak\u00f6y Mahallesi\u2019nde iftar program\u0131 d\u00fczenlendi.<\/p>\n<p>Ayd\u0131n B\u00fcy\u00fck\u015fehir Belediye Ba\u015fkan\u0131 \u00d6zlem \u00c7er\u00e7io\u011flu; K\u00f6\u015fk Belediye Ba\u015fkan\u0131 Nuri G\u00fcler, AK Parti K\u00f6\u015fk \u0130l\u00e7e Ba\u015fkan\u0131 B\u00fcnyamin Kahraman, meclis \u00fcyeleri ve muhtarlar ile birlikte K\u00f6\u015fk il\u00e7esi Ak\u00e7ak\u00f6y Mahallesi\u2019nde d\u00fczenlenen iftarda vatanda\u015flar ile bir araya geldi.<\/p>\n<p>Ba\u015fkan \u00c7er\u00e7io\u011flu, t\u00fcm vatanda\u015flar\u0131n Ramazan ay\u0131n\u0131 kutlayarak Ayd\u0131n\u2019\u0131n t\u00fcm il\u00e7elerinde iftar programlar\u0131n\u0131n d\u00fczenlenmeye devam edece\u011fini belirtti.<\/p>\n<p>\u0130ftar sofralar\u0131n\u0131n kurulmas\u0131ndan memnuniyet duyduklar\u0131n\u0131 belirten vatanda\u015flar da, Ba\u015fkan \u00c7er\u00e7io\u011flu\u2019na te\u015fekk\u00fcr etti.<br \/><\/p>\n","protected":false},"excerpt":{"rendered":"<p>Ayd\u0131n B\u00fcy\u00fck\u015fehir Belediyesi taraf\u0131ndan Ramazan ay\u0131 nedeniyle kentin farkl\u0131 noktalar\u0131nda iftar sofralar\u0131 kurulmaya devam ediyor. B\u00fcy\u00fck\u015fehir Belediyesi\u2019nin sofralar\u0131nda binlerce Ayd\u0131nl\u0131 iftarlar\u0131n\u0131 hep birlikte a\u00e7\u0131yor. B\u00fcy\u00fck\u015fehir Belediyesi taraf\u0131ndan bug\u00fcn Efeler il\u00e7esinde Atat\u00fcrk Kent Meydan\u0131\u2019nda ve E\u011frikavak Mahallesi\u2019nde, Karpuzlu il\u00e7esinde Yeni Mahalle\u2019de, Germencik il\u00e7esinde Cumhuriyet Meydan\u0131\u2019nda, Ko\u00e7arl\u0131 il\u00e7esinde Yenik\u00f6y Mahallesi\u2019nde, Sultanhisar il\u00e7esinde Salavatl\u0131 Mahallesi\u2019nde, Kuyucak il\u00e7esinde Kurtulu\u015f&#8230;<\/p>\n","protected":false},"author":1,"featured_media":91264,"comment_status":"open","ping_status":"open","sticky":false,"template":"","format":"standard","meta":{"_crdt_document":"","footnotes":""},"categories":[1],"tags":[],"class_list":["post-91263","post","type-post","status-publish","format-standard","has-post-thumbnail","hentry","category-guncel"],"_links":{"self":[{"href":"https:\/\/www.egemtv.com\/index.php?rest_route=\/wp\/v2\/posts\/91263","targetHints":{"allow":["GET"]}}],"collection":[{"href":"https:\/\/www.egemtv.com\/index.php?rest_route=\/wp\/v2\/posts"}],"about":[{"href":"https:\/\/www.egemtv.com\/index.php?rest_route=\/wp\/v2\/types\/post"}],"author":[{"embeddable":true,"href":"https:\/\/www.egemtv.com\/index.php?rest_route=\/wp\/v2\/users\/1"}],"replies":[{"embeddable":true,"href":"https:\/\/www.egemtv.com\/index.php?rest_route=%2Fwp%2Fv2%2Fcomments&post=91263"}],"version-history":[{"count":1,"href":"https:\/\/www.egemtv.com\/index.php?rest_route=\/wp\/v2\/posts\/91263\/revisions"}],"predecessor-version":[{"id":91265,"href":"https:\/\/www.egemtv.com\/index.php?rest_route=\/wp\/v2\/posts\/91263\/revisions\/91265"}],"wp:featuredmedia":[{"embeddable":true,"href":"https:\/\/www.egemtv.com\/index.php?rest_route=\/wp\/v2\/media\/91264"}],"wp:attachment":[{"href":"https:\/\/www.egemtv.com\/index.php?rest_route=%2Fwp%2Fv2%2Fmedia&parent=91263"}],"wp:term":[{"taxonomy":"category","embeddable":true,"href":"https:\/\/www.egemtv.com\/index.php?rest_route=%2Fwp%2Fv2%2Fcategories&post=91263"},{"taxonomy":"post_tag","embeddable":true,"href":"https:\/\/www.egemtv.com\/index.php?rest_route=%2Fwp%2Fv2%2Ftags&post=91263"}],"curies":[{"name":"wp","href":"https:\/\/api.w.org\/{rel}","templated":true}]}}