{"id":91260,"date":"2026-03-01T21:14:36","date_gmt":"2026-03-01T18:14:36","guid":{"rendered":"https:\/\/www.egemtv.com\/?p=91260"},"modified":"2026-03-01T21:14:37","modified_gmt":"2026-03-01T18:14:37","slug":"kutahyada-genc-basin-mensuplari-tek-cati-altinda-bulustu","status":"publish","type":"post","link":"https:\/\/www.egemtv.com\/?p=91260","title":{"rendered":"K\u00fctahya\u2019da gen\u00e7 bas\u0131n mensuplar\u0131 tek \u00e7at\u0131 alt\u0131nda bulu\u015ftu"},"content":{"rendered":"<p>K\u00fctahya\u2019da farkl\u0131 gazete, internet haber sitesi ve medya kurulu\u015flar\u0131nda g\u00f6rev yapan gen\u00e7 bas\u0131n mensuplar\u0131, K\u00fctahya Gazeteciler Cemiyeti b\u00fcnyesinde Gen\u00e7lik Platformu\u2019nu kurarak, kent bas\u0131n\u0131nda bir ilke imza att\u0131. Kurulu\u015f karar\u0131yla birlikte \u015fehirde gen\u00e7 gazetecilerin ortak hareket edece\u011fi yeni bir d\u00f6nem ba\u015flad\u0131.<br \/>\n<br \/>Gen\u00e7lik Platformu\u2019nun kurulu\u015fu, K\u00fctahya\u2019da medya alan\u0131nda dayan\u0131\u015fmay\u0131 art\u0131rmay\u0131 ve gen\u00e7 bas\u0131n emek\u00e7ilerinin daha aktif rol almas\u0131n\u0131 hedefliyor. Platformun mesleki geli\u015fimden ortak projelere, \u015fehir g\u00fcndemine katk\u0131 sunacak \u00e7al\u0131\u015fmalardan sosyal sorumluluk faaliyetlerine kadar geni\u015f bir alanda faaliyet g\u00f6stermesi planlan\u0131yor.<\/p>\n<p>&#8220;Birlikte \u00fcretmek i\u00e7in buraday\u0131z&#8221;<br \/>\n<br \/>Platform ad\u0131na yap\u0131lan a\u00e7\u0131klamada, gen\u00e7 gazetecilerin sadece haber \u00fcreten de\u011fil, ayn\u0131 zamanda \u015fehrin gelece\u011fine katk\u0131 sunan bir anlay\u0131\u015fla hareket edece\u011fi vurguland\u0131. A\u00e7\u0131klamada, gen\u00e7li\u011fin dinamizmi, sorgulayan bak\u0131\u015f a\u00e7\u0131s\u0131 ve \u00fcretkenli\u011finin K\u00fctahya bas\u0131n\u0131na yeni bir soluk kazand\u0131raca\u011f\u0131 belirtildi.<br \/>\n<br \/>Gen\u00e7 bas\u0131n mensuplar\u0131, birlik ve dayan\u0131\u015fma mesaj\u0131 vererek, &#8220;Gen\u00e7ler desteklenirse \u015fehir b\u00fcy\u00fcr. Gen\u00e7ler \u00f6ne \u00e7\u0131karsa fikirler \u00e7o\u011fal\u0131r. Kurumlar gen\u00e7lerle yan yana y\u00fcr\u00fcrse gelecek g\u00fc\u00e7lenir&#8221; dedi. Rekabet yerine ortak ak\u0131l ve dayan\u0131\u015fman\u0131n \u00f6n planda tutulaca\u011f\u0131 belirtilen a\u00e7\u0131klamada, gen\u00e7 gazetecilerin art\u0131k karar alma s\u00fcre\u00e7lerinde daha etkin olmak istedi\u011fi kaydedildi.<\/p>\n<p>Mesleki dayan\u0131\u015fma ve ortak projeler hedefleniyor<br \/>\n<br \/>Platformun \u00f6ncelikli hedefleri aras\u0131nda gen\u00e7 gazetecilerin mesleki geli\u015fimine katk\u0131 sa\u011flayacak e\u011fitimler d\u00fczenlemek, ortak haber projeleri \u00fcretmek ve \u015fehirle ilgili konularda daha g\u00fc\u00e7l\u00fc bir ileti\u015fim a\u011f\u0131 olu\u015fturmak bulunuyor. Ayr\u0131ca farkl\u0131 medya organlar\u0131nda g\u00f6rev yapan gen\u00e7lerin ayn\u0131 masa etraf\u0131nda bulu\u015farak tecr\u00fcbe payla\u015f\u0131m\u0131 yapmas\u0131 ama\u00e7lan\u0131yor. Platformun K\u00fctahya\u2019daki bas\u0131n faaliyetlerine h\u0131z kazand\u0131rmas\u0131 ve gen\u00e7 gazeteciler aras\u0131nda kurumsal aidiyet duygusunu g\u00fc\u00e7lendirmesi bekleniyor.<br \/>\n<br \/>K\u00fctahya Gazeteciler Cemiyeti Gen\u00e7lik Platformu\u2019nun y\u00f6netimi de belli oldu. Platform; Ba\u015fkan Fatma S\u00fcmer Soyalp, Ba\u015fkan Yard\u0131mc\u0131s\u0131 Muammer Mert Opu\u015f, Genel Sekreter Merve Do\u011fan ile \u00fcyeler Onur Acur, Emine \u0130bi\u015f, Seval \u00c7ukur ve \u0130brahim \u015een\u2019den olu\u015fuyor.<br \/><\/p>\n","protected":false},"excerpt":{"rendered":"<p>K\u00fctahya\u2019da farkl\u0131 gazete, internet haber sitesi ve medya kurulu\u015flar\u0131nda g\u00f6rev yapan gen\u00e7 bas\u0131n mensuplar\u0131, K\u00fctahya Gazeteciler Cemiyeti b\u00fcnyesinde Gen\u00e7lik Platformu\u2019nu kurarak, kent bas\u0131n\u0131nda bir ilke imza att\u0131. Kurulu\u015f karar\u0131yla birlikte \u015fehirde gen\u00e7 gazetecilerin ortak hareket edece\u011fi yeni bir d\u00f6nem ba\u015flad\u0131. Gen\u00e7lik Platformu\u2019nun kurulu\u015fu, K\u00fctahya\u2019da medya alan\u0131nda dayan\u0131\u015fmay\u0131 art\u0131rmay\u0131 ve gen\u00e7 bas\u0131n emek\u00e7ilerinin daha aktif rol&#8230;<\/p>\n","protected":false},"author":1,"featured_media":91261,"comment_status":"open","ping_status":"open","sticky":false,"template":"","format":"standard","meta":{"_crdt_document":"","footnotes":""},"categories":[123],"tags":[],"class_list":["post-91260","post","type-post","status-publish","format-standard","has-post-thumbnail","hentry","category-gundem"],"_links":{"self":[{"href":"https:\/\/www.egemtv.com\/index.php?rest_route=\/wp\/v2\/posts\/91260","targetHints":{"allow":["GET"]}}],"collection":[{"href":"https:\/\/www.egemtv.com\/index.php?rest_route=\/wp\/v2\/posts"}],"about":[{"href":"https:\/\/www.egemtv.com\/index.php?rest_route=\/wp\/v2\/types\/post"}],"author":[{"embeddable":true,"href":"https:\/\/www.egemtv.com\/index.php?rest_route=\/wp\/v2\/users\/1"}],"replies":[{"embeddable":true,"href":"https:\/\/www.egemtv.com\/index.php?rest_route=%2Fwp%2Fv2%2Fcomments&post=91260"}],"version-history":[{"count":1,"href":"https:\/\/www.egemtv.com\/index.php?rest_route=\/wp\/v2\/posts\/91260\/revisions"}],"predecessor-version":[{"id":91262,"href":"https:\/\/www.egemtv.com\/index.php?rest_route=\/wp\/v2\/posts\/91260\/revisions\/91262"}],"wp:featuredmedia":[{"embeddable":true,"href":"https:\/\/www.egemtv.com\/index.php?rest_route=\/wp\/v2\/media\/91261"}],"wp:attachment":[{"href":"https:\/\/www.egemtv.com\/index.php?rest_route=%2Fwp%2Fv2%2Fmedia&parent=91260"}],"wp:term":[{"taxonomy":"category","embeddable":true,"href":"https:\/\/www.egemtv.com\/index.php?rest_route=%2Fwp%2Fv2%2Fcategories&post=91260"},{"taxonomy":"post_tag","embeddable":true,"href":"https:\/\/www.egemtv.com\/index.php?rest_route=%2Fwp%2Fv2%2Ftags&post=91260"}],"curies":[{"name":"wp","href":"https:\/\/api.w.org\/{rel}","templated":true}]}}