{"id":91257,"date":"2026-03-01T20:14:46","date_gmt":"2026-03-01T17:14:46","guid":{"rendered":"https:\/\/www.egemtv.com\/?p=91257"},"modified":"2026-03-01T20:14:47","modified_gmt":"2026-03-01T17:14:47","slug":"buyuksehirin-iftar-sofrasi-koprubasinda-kuruldu","status":"publish","type":"post","link":"https:\/\/www.egemtv.com\/?p=91257","title":{"rendered":"B\u00fcy\u00fck\u015fehirin iftar sofras\u0131 K\u00f6pr\u00fcba\u015f\u0131\u2019nda kuruldu"},"content":{"rendered":"<p>Manisa B\u00fcy\u00fck\u015fehir Belediyesi, Ramazan ay\u0131n\u0131n ruhuna uygun birlik, beraberlik ve dayan\u0131\u015fma sofralar\u0131n\u0131 K\u00f6pr\u00fcba\u015f\u0131 il\u00e7esinde kurdu. B\u00fcy\u00fck\u015fehir Belediye Ba\u015fkan\u0131 Besim Dutlulu, d\u00fczenlenen iftar program\u0131nda vatanda\u015flarla bir araya gelerek, orucunu a\u00e7t\u0131.<br \/>\n<br \/>K\u00f6pr\u00fcba\u015f\u0131\u2019ndaki iftar program\u0131na Ba\u015fkan Besim Dutlulu\u2019nun yan\u0131 s\u0131ra K\u00f6pr\u00fcba\u015f\u0131 Belediye Ba\u015fkan\u0131 Fatih Ta\u015fl\u0131, B\u00fcy\u00fck\u015fehir Belediyesi Genel Sekreteri Burak Deste, MASK\u0130 Genel M\u00fcd\u00fcr\u00fc Ali K\u0131l\u0131\u00e7, daire ba\u015fkanlar\u0131, CHP \u0130l\u00e7e Ba\u015fkan\u0131 G\u00fclay S\u00f6nmez, muhtarlar, siyasi parti temsilcileri ve \u00e7ok say\u0131da vatanda\u015f kat\u0131ld\u0131.<\/p>\n<p>&#8220;Ramazan\u2019\u0131n huzurunu ve bereketini hep birlikte payla\u015ft\u0131k&#8221;<br \/>\n<br \/>\u0130ftar \u00f6ncesi masalar\u0131 tek tek gezerek vatanda\u015flarla sohbet eden Ba\u015fkan Dutlulu, Ramazan ay\u0131n\u0131n payla\u015fma ve dayan\u0131\u015fma k\u00fclt\u00fcr\u00fc \u00fczerindeki \u00f6nemine de\u011findi. Dutlulu, &#8220;Dayan\u0131\u015fman\u0131n b\u00fcy\u00fcd\u00fc\u011f\u00fc, ihtiya\u00e7 sahiplerinin g\u00f6zetildi\u011fi, sevgi ve ho\u015fg\u00f6r\u00fcn\u00fcn \u00e7o\u011fald\u0131\u011f\u0131 bir Ramazan ge\u00e7iriyoruz. 17 il\u00e7emizde kurdu\u011fumuz iftar sofralar\u0131m\u0131zla halk\u0131m\u0131zla bir araya geliyoruz. Bu ak\u015fam da K\u00f6pr\u00fcba\u015f\u0131\u2019nda halk\u0131m\u0131zla iftar sofras\u0131nda bir araya geldik, Ramazan\u2019\u0131n huzurunu ve bereketini hep birlikte payla\u015ft\u0131k. Ziyaretimiz kapsam\u0131nda k\u0131ymetli muhtarlar\u0131m\u0131zla da bulu\u015farak mahallelerimizin taleplerini dinledik, ard\u0131ndan Belediye Ba\u015fkan\u0131m\u0131z Fatih Ta\u015fl\u0131 ile K\u00f6pr\u00fcba\u015f\u0131\u2019m\u0131z i\u00e7in yapt\u0131klar\u0131m\u0131z\u0131 ve yapacaklar\u0131m\u0131z\u0131 konu\u015ftuk. Daha sonra baba oca\u011f\u0131m\u0131z CHP K\u00f6pr\u00fcba\u015f\u0131 \u0130l\u00e7e Ba\u015fkanl\u0131\u011f\u0131m\u0131z\u0131 ziyaret ederek, yol arkada\u015flar\u0131m\u0131zla bir araya geldik. Misafirperverlikleri i\u00e7in Fatih ba\u015fkan\u0131m\u0131za, muhtarlar\u0131m\u0131za ve t\u00fcm K\u00f6pr\u00fcba\u015f\u0131 halk\u0131na te\u015fekk\u00fcr ediyorum. Tuttu\u011fumuz oru\u00e7lar kabul, birli\u011fimiz ve beraberli\u011fimiz daim olsun&#8221; ifadelerini kulland\u0131.<\/p>\n<p>Geleneksel e\u011flenceler geceye renk katt\u0131<br \/>\n<br \/>\u0130ftar yeme\u011finin ard\u0131ndan Manisa B\u00fcy\u00fck\u015fehir Belediyesi taraf\u0131ndan organize edilen k\u00fclt\u00fcrel etkinlikler sahnelendi. Karag\u00f6z ve Hacivat g\u00f6sterilerinden m\u00fczikli oyunlara kadar pek \u00e7ok etkinlik, \u00f6zellikle \u00e7ocuklara ve ailelerine keyifli anlar ya\u015fatt\u0131.<br \/>\n<br \/>\u0130ftar program\u0131na kat\u0131lan vatanda\u015flar, organizasyondan duyduklar\u0131 memnuniyeti belirtti. Vatanda\u015flardan Kaan G\u00fc\u00e7, &#8220;\u0130ftar program\u0131 \u00e7ok g\u00fczeldi, neredeyse t\u00fcm K\u00f6pr\u00fcba\u015f\u0131 buradayd\u0131. Yemekler lezzetli, ortam samimiydi. \u00d6zellikle Karag\u00f6z ve Hacivat g\u00f6sterisi bu y\u0131l ilk kez yap\u0131ld\u0131 ve \u00e7ok keyif ald\u0131k. Ba\u015fkanlar\u0131m\u0131za te\u015fekk\u00fcr ediyoruz.&#8221; derken, Nusret Y\u0131lmaz isimli vatanda\u015f, &#8220;Manevi atmosferi y\u00fcksek, harika bir organizasyondu. Belediye ba\u015fkanlar\u0131m\u0131z\u0131n bizlerle ayn\u0131 sofrada olmas\u0131 \u00e7ok anlaml\u0131. K\u00f6pr\u00fcba\u015f\u0131 gibi k\u00fc\u00e7\u00fck il\u00e7elerde bu t\u00fcr sosyal etkinliklere \u00e7ok ihtiya\u00e7 var. K\u00fclt\u00fcrel de\u011ferlerimizin ya\u015fat\u0131lmas\u0131 bizleri mutlu etti&#8221; \u015feklinde konu\u015ftu.<br \/>\n<br \/>Kader Bilgen isimli vatanda\u015f da, &#8220;\u0130l\u00e7emize hitap eden, birle\u015ftirici bir program oldu. Bu t\u00fcr organizasyonlar\u0131n sadece Ramazan\u2019da de\u011fil, y\u0131l\u0131n farkl\u0131 d\u00f6nemlerinde de tekrarlanmas\u0131n\u0131 bekliyoruz. Eme\u011fi ge\u00e7en herkese te\u015fekk\u00fcrler&#8221; dedi.<br \/><\/p>\n","protected":false},"excerpt":{"rendered":"<p>Manisa B\u00fcy\u00fck\u015fehir Belediyesi, Ramazan ay\u0131n\u0131n ruhuna uygun birlik, beraberlik ve dayan\u0131\u015fma sofralar\u0131n\u0131 K\u00f6pr\u00fcba\u015f\u0131 il\u00e7esinde kurdu. B\u00fcy\u00fck\u015fehir Belediye Ba\u015fkan\u0131 Besim Dutlulu, d\u00fczenlenen iftar program\u0131nda vatanda\u015flarla bir araya gelerek, orucunu a\u00e7t\u0131. K\u00f6pr\u00fcba\u015f\u0131\u2019ndaki iftar program\u0131na Ba\u015fkan Besim Dutlulu\u2019nun yan\u0131 s\u0131ra K\u00f6pr\u00fcba\u015f\u0131 Belediye Ba\u015fkan\u0131 Fatih Ta\u015fl\u0131, B\u00fcy\u00fck\u015fehir Belediyesi Genel Sekreteri Burak Deste, MASK\u0130 Genel M\u00fcd\u00fcr\u00fc Ali K\u0131l\u0131\u00e7, daire ba\u015fkanlar\u0131,&#8230;<\/p>\n","protected":false},"author":1,"featured_media":91258,"comment_status":"open","ping_status":"open","sticky":false,"template":"","format":"standard","meta":{"_crdt_document":"","footnotes":""},"categories":[123],"tags":[],"class_list":["post-91257","post","type-post","status-publish","format-standard","has-post-thumbnail","hentry","category-gundem"],"_links":{"self":[{"href":"https:\/\/www.egemtv.com\/index.php?rest_route=\/wp\/v2\/posts\/91257","targetHints":{"allow":["GET"]}}],"collection":[{"href":"https:\/\/www.egemtv.com\/index.php?rest_route=\/wp\/v2\/posts"}],"about":[{"href":"https:\/\/www.egemtv.com\/index.php?rest_route=\/wp\/v2\/types\/post"}],"author":[{"embeddable":true,"href":"https:\/\/www.egemtv.com\/index.php?rest_route=\/wp\/v2\/users\/1"}],"replies":[{"embeddable":true,"href":"https:\/\/www.egemtv.com\/index.php?rest_route=%2Fwp%2Fv2%2Fcomments&post=91257"}],"version-history":[{"count":1,"href":"https:\/\/www.egemtv.com\/index.php?rest_route=\/wp\/v2\/posts\/91257\/revisions"}],"predecessor-version":[{"id":91259,"href":"https:\/\/www.egemtv.com\/index.php?rest_route=\/wp\/v2\/posts\/91257\/revisions\/91259"}],"wp:featuredmedia":[{"embeddable":true,"href":"https:\/\/www.egemtv.com\/index.php?rest_route=\/wp\/v2\/media\/91258"}],"wp:attachment":[{"href":"https:\/\/www.egemtv.com\/index.php?rest_route=%2Fwp%2Fv2%2Fmedia&parent=91257"}],"wp:term":[{"taxonomy":"category","embeddable":true,"href":"https:\/\/www.egemtv.com\/index.php?rest_route=%2Fwp%2Fv2%2Fcategories&post=91257"},{"taxonomy":"post_tag","embeddable":true,"href":"https:\/\/www.egemtv.com\/index.php?rest_route=%2Fwp%2Fv2%2Ftags&post=91257"}],"curies":[{"name":"wp","href":"https:\/\/api.w.org\/{rel}","templated":true}]}}