{"id":91254,"date":"2026-03-01T20:14:45","date_gmt":"2026-03-01T17:14:45","guid":{"rendered":"https:\/\/www.egemtv.com\/?p=91254"},"modified":"2026-03-01T20:14:46","modified_gmt":"2026-03-01T17:14:46","slug":"didim-belediyesi-akbukte-saha-calismalarini-surduruyor","status":"publish","type":"post","link":"https:\/\/www.egemtv.com\/?p=91254","title":{"rendered":"Didim Belediyesi Akb\u00fck\u2019te saha \u00e7al\u0131\u015fmalar\u0131n\u0131 s\u00fcrd\u00fcr\u00fcyor"},"content":{"rendered":"<p>Didim Belediyesi, Akb\u00fck Mahallesi\u2019nde halk\u0131n ya\u015fam kalitesini art\u0131rmaya y\u00f6nelik saha \u00e7al\u0131\u015fmalar\u0131na aral\u0131ks\u0131z devam ediyor.<\/p>\n<p>Fen \u0130\u015fleri ve Temizlik \u0130\u015fleri M\u00fcd\u00fcrl\u00fc\u011f\u00fc ekipleri taraf\u0131ndan y\u00fcr\u00fct\u00fclen \u00e7al\u0131\u015fmalar kapsam\u0131nda mahallede ihtiya\u00e7 duyulan noktalarda yol d\u00fczenleme ve iyile\u015ftirme \u00e7al\u0131\u015fmalar\u0131 ger\u00e7ekle\u015ftirilirken, \u00e7evre d\u00fczenlemeleriyle ya\u015fam alanlar\u0131n\u0131n daha konforlu ve d\u00fczenli hale getirilmesi hedefleniyor. Planl\u0131 \u015fekilde s\u00fcrd\u00fcr\u00fclen \u00e7al\u0131\u015fmalarla mahalle genelinde hem ula\u015f\u0131m kolayla\u015ft\u0131r\u0131l\u0131yor hem de \u00e7evresel g\u00f6r\u00fcn\u00fcm g\u00fc\u00e7lendiriliyor.<\/p>\n<p>Didim Belediye Ba\u015fkan\u0131 Hatice Gen\u00e7ay, &#8220;Akb\u00fck Mahallemizde halk\u0131m\u0131z\u0131n ya\u015fam konforunu art\u0131rmak i\u00e7in ekiplerimiz sahada yo\u011fun bir \u015fekilde \u00e7al\u0131\u015fmalar\u0131n\u0131 s\u00fcrd\u00fcr\u00fcyor. Yol d\u00fczenleme ve \u00e7evre iyile\u015ftirme \u00e7al\u0131\u015fmalar\u0131m\u0131z\u0131 planl\u0131 ve kararl\u0131 bi\u00e7imde devam ettiriyoruz. Halk\u0131m\u0131z\u0131n g\u00fcvenli ve d\u00fczenli bir \u00e7evrede ya\u015famas\u0131 \u00f6nceli\u011fimizdir. Didim\u2019in her mahallesinde oldu\u011fu gibi Akb\u00fck\u2019te de hizmetlerimizi kesintisiz s\u00fcrd\u00fcrece\u011fiz&#8221; diye konu\u015ftu.<br \/><\/p>\n","protected":false},"excerpt":{"rendered":"<p>Didim Belediyesi, Akb\u00fck Mahallesi\u2019nde halk\u0131n ya\u015fam kalitesini art\u0131rmaya y\u00f6nelik saha \u00e7al\u0131\u015fmalar\u0131na aral\u0131ks\u0131z devam ediyor. Fen \u0130\u015fleri ve Temizlik \u0130\u015fleri M\u00fcd\u00fcrl\u00fc\u011f\u00fc ekipleri taraf\u0131ndan y\u00fcr\u00fct\u00fclen \u00e7al\u0131\u015fmalar kapsam\u0131nda mahallede ihtiya\u00e7 duyulan noktalarda yol d\u00fczenleme ve iyile\u015ftirme \u00e7al\u0131\u015fmalar\u0131 ger\u00e7ekle\u015ftirilirken, \u00e7evre d\u00fczenlemeleriyle ya\u015fam alanlar\u0131n\u0131n daha konforlu ve d\u00fczenli hale getirilmesi hedefleniyor. Planl\u0131 \u015fekilde s\u00fcrd\u00fcr\u00fclen \u00e7al\u0131\u015fmalarla mahalle genelinde hem ula\u015f\u0131m kolayla\u015ft\u0131r\u0131l\u0131yor&#8230;<\/p>\n","protected":false},"author":1,"featured_media":91255,"comment_status":"open","ping_status":"open","sticky":false,"template":"","format":"standard","meta":{"_crdt_document":"","footnotes":""},"categories":[1],"tags":[],"class_list":["post-91254","post","type-post","status-publish","format-standard","has-post-thumbnail","hentry","category-guncel"],"_links":{"self":[{"href":"https:\/\/www.egemtv.com\/index.php?rest_route=\/wp\/v2\/posts\/91254","targetHints":{"allow":["GET"]}}],"collection":[{"href":"https:\/\/www.egemtv.com\/index.php?rest_route=\/wp\/v2\/posts"}],"about":[{"href":"https:\/\/www.egemtv.com\/index.php?rest_route=\/wp\/v2\/types\/post"}],"author":[{"embeddable":true,"href":"https:\/\/www.egemtv.com\/index.php?rest_route=\/wp\/v2\/users\/1"}],"replies":[{"embeddable":true,"href":"https:\/\/www.egemtv.com\/index.php?rest_route=%2Fwp%2Fv2%2Fcomments&post=91254"}],"version-history":[{"count":1,"href":"https:\/\/www.egemtv.com\/index.php?rest_route=\/wp\/v2\/posts\/91254\/revisions"}],"predecessor-version":[{"id":91256,"href":"https:\/\/www.egemtv.com\/index.php?rest_route=\/wp\/v2\/posts\/91254\/revisions\/91256"}],"wp:featuredmedia":[{"embeddable":true,"href":"https:\/\/www.egemtv.com\/index.php?rest_route=\/wp\/v2\/media\/91255"}],"wp:attachment":[{"href":"https:\/\/www.egemtv.com\/index.php?rest_route=%2Fwp%2Fv2%2Fmedia&parent=91254"}],"wp:term":[{"taxonomy":"category","embeddable":true,"href":"https:\/\/www.egemtv.com\/index.php?rest_route=%2Fwp%2Fv2%2Fcategories&post=91254"},{"taxonomy":"post_tag","embeddable":true,"href":"https:\/\/www.egemtv.com\/index.php?rest_route=%2Fwp%2Fv2%2Ftags&post=91254"}],"curies":[{"name":"wp","href":"https:\/\/api.w.org\/{rel}","templated":true}]}}