{"id":91251,"date":"2026-03-01T19:55:07","date_gmt":"2026-03-01T16:55:07","guid":{"rendered":"https:\/\/www.egemtv.com\/?p=91251"},"modified":"2026-03-01T19:55:07","modified_gmt":"2026-03-01T16:55:07","slug":"muglada-6-bin-417-konut-icin-kura-tarihi-belli-oldu","status":"publish","type":"post","link":"https:\/\/www.egemtv.com\/?p=91251","title":{"rendered":"Mu\u011fla\u2019da 6 bin 417 konut i\u00e7in kura tarihi belli oldu"},"content":{"rendered":"<p>Cumhuriyet tarihinin en b\u00fcy\u00fck sosyal konut hamlesi olan \u2019\u0130lk Evim, \u0130lk \u0130\u015f Yerim\u2019 projesi kapsam\u0131nda Mu\u011fla\u2019da in\u015fa edilecek konutlar i\u00e7in beklenen m\u00fcjde geldi. Toplu Konut \u0130daresi Ba\u015fkanl\u0131\u011f\u0131 (TOK\u0130), Mu\u011fla genelindeki 6 bin 417 konutun hak sahiplerini belirleyecek kura takvimini resmen duyurdu.<\/p>\n<p>Mu\u011fla\u2019n\u0131n \u00e7ehresini de\u011fi\u015ftirecek ve dar gelirli vatanda\u015flar\u0131 ev sahibi yapacak olan dev projede kura \u00e7ekimi, 4 Mart 2026 \u00c7ar\u015famba g\u00fcn\u00fc ger\u00e7ekle\u015ftirilecek. Saat 11.00\u2019de ba\u015flayacak olan kura merasimi, Mu\u011fla S\u0131tk\u0131 Ko\u00e7man \u00dcniversitesi Atat\u00fcrk K\u00fclt\u00fcr Merkezi\u2019nde noter huzurunda yap\u0131lacak. Proje kapsam\u0131nda Mu\u011fla\u2019n\u0131n d\u00f6rt bir yan\u0131nda yap\u0131lacak konutlar i\u00e7in il\u00e7elere g\u00f6re da\u011f\u0131l\u0131m da netle\u015fti.<\/p>\n<p>Mu\u011fla genelinde toplamda 6 bin 417 konutun in\u015fa edilece\u011fi projenin il\u00e7e bazl\u0131 tam listesi \u015fu \u015fekilde a\u00e7\u0131kland\u0131: Merkez (Mente\u015fe) 5 bin 400, Bodrum 500, Milas 200, Fethiye 150, Seydikemer 75, Kavakl\u0131dere 50, K\u00f6yce\u011fiz 42 konut yap\u0131lacak.<br \/><\/p>\n","protected":false},"excerpt":{"rendered":"<p>Cumhuriyet tarihinin en b\u00fcy\u00fck sosyal konut hamlesi olan \u2019\u0130lk Evim, \u0130lk \u0130\u015f Yerim\u2019 projesi kapsam\u0131nda Mu\u011fla\u2019da in\u015fa edilecek konutlar i\u00e7in beklenen m\u00fcjde geldi. Toplu Konut \u0130daresi Ba\u015fkanl\u0131\u011f\u0131 (TOK\u0130), Mu\u011fla genelindeki 6 bin 417 konutun hak sahiplerini belirleyecek kura takvimini resmen duyurdu. Mu\u011fla\u2019n\u0131n \u00e7ehresini de\u011fi\u015ftirecek ve dar gelirli vatanda\u015flar\u0131 ev sahibi yapacak olan dev projede kura&#8230;<\/p>\n","protected":false},"author":1,"featured_media":91252,"comment_status":"open","ping_status":"open","sticky":false,"template":"","format":"standard","meta":{"_crdt_document":"","footnotes":""},"categories":[1],"tags":[],"class_list":["post-91251","post","type-post","status-publish","format-standard","has-post-thumbnail","hentry","category-guncel"],"_links":{"self":[{"href":"https:\/\/www.egemtv.com\/index.php?rest_route=\/wp\/v2\/posts\/91251","targetHints":{"allow":["GET"]}}],"collection":[{"href":"https:\/\/www.egemtv.com\/index.php?rest_route=\/wp\/v2\/posts"}],"about":[{"href":"https:\/\/www.egemtv.com\/index.php?rest_route=\/wp\/v2\/types\/post"}],"author":[{"embeddable":true,"href":"https:\/\/www.egemtv.com\/index.php?rest_route=\/wp\/v2\/users\/1"}],"replies":[{"embeddable":true,"href":"https:\/\/www.egemtv.com\/index.php?rest_route=%2Fwp%2Fv2%2Fcomments&post=91251"}],"version-history":[{"count":1,"href":"https:\/\/www.egemtv.com\/index.php?rest_route=\/wp\/v2\/posts\/91251\/revisions"}],"predecessor-version":[{"id":91253,"href":"https:\/\/www.egemtv.com\/index.php?rest_route=\/wp\/v2\/posts\/91251\/revisions\/91253"}],"wp:featuredmedia":[{"embeddable":true,"href":"https:\/\/www.egemtv.com\/index.php?rest_route=\/wp\/v2\/media\/91252"}],"wp:attachment":[{"href":"https:\/\/www.egemtv.com\/index.php?rest_route=%2Fwp%2Fv2%2Fmedia&parent=91251"}],"wp:term":[{"taxonomy":"category","embeddable":true,"href":"https:\/\/www.egemtv.com\/index.php?rest_route=%2Fwp%2Fv2%2Fcategories&post=91251"},{"taxonomy":"post_tag","embeddable":true,"href":"https:\/\/www.egemtv.com\/index.php?rest_route=%2Fwp%2Fv2%2Ftags&post=91251"}],"curies":[{"name":"wp","href":"https:\/\/api.w.org\/{rel}","templated":true}]}}