{"id":91248,"date":"2026-03-01T19:55:06","date_gmt":"2026-03-01T16:55:06","guid":{"rendered":"https:\/\/www.egemtv.com\/?p=91248"},"modified":"2026-03-01T19:55:06","modified_gmt":"2026-03-01T16:55:06","slug":"muglaspor-erzincandan-beraberlikle-dondu","status":"publish","type":"post","link":"https:\/\/www.egemtv.com\/?p=91248","title":{"rendered":"Mu\u011flaspor Erzincan\u2019dan beraberlikle d\u00f6nd\u00fc"},"content":{"rendered":"<p>TFF 2. Lig Beyaz Grup\u2019ta \u015fampiyonluk m\u00fccadelesi veren Mu\u011flaspor, Anagold 24 Erzincanspor ile 0-0 berabere kalarak puan\u0131n\u0131 58\u2019e y\u00fckseltti.<\/p>\n<p>Mu\u011flaspor, bug\u00fcn Erzincan 13 \u015eubat \u015eehir Stad\u0131\u2019nda oynanan kritik 2. Lig kar\u015f\u0131la\u015fmas\u0131nda Anagold 24 Erzincanspor ile gols\u00fcz berabere kald\u0131. Bu sonu\u00e7la Mu\u011flaspor\u2019un puan\u0131 58\u2019e y\u00fckselirken, tak\u0131m ikinci s\u0131radaki yerini korudu.<br \/><\/p>\n","protected":false},"excerpt":{"rendered":"<p>TFF 2. Lig Beyaz Grup\u2019ta \u015fampiyonluk m\u00fccadelesi veren Mu\u011flaspor, Anagold 24 Erzincanspor ile 0-0 berabere kalarak puan\u0131n\u0131 58\u2019e y\u00fckseltti. Mu\u011flaspor, bug\u00fcn Erzincan 13 \u015eubat \u015eehir Stad\u0131\u2019nda oynanan kritik 2. Lig kar\u015f\u0131la\u015fmas\u0131nda Anagold 24 Erzincanspor ile gols\u00fcz berabere kald\u0131. Bu sonu\u00e7la Mu\u011flaspor\u2019un puan\u0131 58\u2019e y\u00fckselirken, tak\u0131m ikinci s\u0131radaki yerini korudu.<\/p>\n","protected":false},"author":1,"featured_media":91249,"comment_status":"open","ping_status":"open","sticky":false,"template":"","format":"standard","meta":{"_crdt_document":"","footnotes":""},"categories":[4],"tags":[],"class_list":["post-91248","post","type-post","status-publish","format-standard","has-post-thumbnail","hentry","category-spor"],"_links":{"self":[{"href":"https:\/\/www.egemtv.com\/index.php?rest_route=\/wp\/v2\/posts\/91248","targetHints":{"allow":["GET"]}}],"collection":[{"href":"https:\/\/www.egemtv.com\/index.php?rest_route=\/wp\/v2\/posts"}],"about":[{"href":"https:\/\/www.egemtv.com\/index.php?rest_route=\/wp\/v2\/types\/post"}],"author":[{"embeddable":true,"href":"https:\/\/www.egemtv.com\/index.php?rest_route=\/wp\/v2\/users\/1"}],"replies":[{"embeddable":true,"href":"https:\/\/www.egemtv.com\/index.php?rest_route=%2Fwp%2Fv2%2Fcomments&post=91248"}],"version-history":[{"count":1,"href":"https:\/\/www.egemtv.com\/index.php?rest_route=\/wp\/v2\/posts\/91248\/revisions"}],"predecessor-version":[{"id":91250,"href":"https:\/\/www.egemtv.com\/index.php?rest_route=\/wp\/v2\/posts\/91248\/revisions\/91250"}],"wp:featuredmedia":[{"embeddable":true,"href":"https:\/\/www.egemtv.com\/index.php?rest_route=\/wp\/v2\/media\/91249"}],"wp:attachment":[{"href":"https:\/\/www.egemtv.com\/index.php?rest_route=%2Fwp%2Fv2%2Fmedia&parent=91248"}],"wp:term":[{"taxonomy":"category","embeddable":true,"href":"https:\/\/www.egemtv.com\/index.php?rest_route=%2Fwp%2Fv2%2Fcategories&post=91248"},{"taxonomy":"post_tag","embeddable":true,"href":"https:\/\/www.egemtv.com\/index.php?rest_route=%2Fwp%2Fv2%2Ftags&post=91248"}],"curies":[{"name":"wp","href":"https:\/\/api.w.org\/{rel}","templated":true}]}}