{"id":91245,"date":"2026-03-01T19:55:04","date_gmt":"2026-03-01T16:55:04","guid":{"rendered":"https:\/\/www.egemtv.com\/?p=91245"},"modified":"2026-03-01T19:55:05","modified_gmt":"2026-03-01T16:55:05","slug":"manisada-33-yasindaki-sahis-bos-arazide-olu-bulundu","status":"publish","type":"post","link":"https:\/\/www.egemtv.com\/?p=91245","title":{"rendered":"Manisa\u2019da 33 ya\u015f\u0131ndaki \u015fah\u0131s bo\u015f arazide \u00f6l\u00fc bulundu"},"content":{"rendered":"<p>Manisa\u2019n\u0131n Ala\u015fehir il\u00e7esinde 33 ya\u015f\u0131ndaki \u015fah\u0131s bo\u015f arazide \u00f6l\u00fc bulundu.<br \/>\n<br \/>Olay, bug\u00fcn saat 14.30 s\u0131ralar\u0131nda Esentepe Mahallesi Toptepe mevkiinde meydana geldi. Edinilen bilgilere g\u00f6re, yerde hareketsiz yatan bir ki\u015fiyi g\u00f6ren vatanda\u015flar durumu polise bildirdi. \u0130hbar \u00fczerine olay yerine polis ve sa\u011fl\u0131k ekipleri sevk edildi. Sa\u011fl\u0131k ekiplerinin yapt\u0131\u011f\u0131 kontrolde hayat\u0131n\u0131 kaybetti\u011fi belirlenen \u015fahs\u0131n Ala\u015fehir Yeni Mahalle\u2019de ikamet eden ve arada \u015fof\u00f6rl\u00fck yapt\u0131\u011f\u0131 \u00f6\u011frenilen Mehmet Ali Aslan (33) oldu\u011fu tespit edildi. Yap\u0131lan ilk incelemelerde Mehmet Ali Aslan\u2019\u0131n v\u00fccudunda herhangi bir darp izine rastlanmad\u0131\u011f\u0131 bildirildi. Cumhuriyet savc\u0131s\u0131n\u0131n olay yerindeki incelemesinin ard\u0131ndan cenaze, kesin \u00f6l\u00fcm nedeninin belirlenmesi i\u00e7in otopsi yap\u0131lmak \u00fczere \u0130zmir Adli T\u0131p Kurumu\u2019na g\u00f6nderildi.<br \/>\n<br \/>Olayla ilgili soru\u015fturma s\u00fcrd\u00fcr\u00fcl\u00fcyor.<br \/><\/p>\n","protected":false},"excerpt":{"rendered":"<p>Manisa\u2019n\u0131n Ala\u015fehir il\u00e7esinde 33 ya\u015f\u0131ndaki \u015fah\u0131s bo\u015f arazide \u00f6l\u00fc bulundu. Olay, bug\u00fcn saat 14.30 s\u0131ralar\u0131nda Esentepe Mahallesi Toptepe mevkiinde meydana geldi. Edinilen bilgilere g\u00f6re, yerde hareketsiz yatan bir ki\u015fiyi g\u00f6ren vatanda\u015flar durumu polise bildirdi. \u0130hbar \u00fczerine olay yerine polis ve sa\u011fl\u0131k ekipleri sevk edildi. Sa\u011fl\u0131k ekiplerinin yapt\u0131\u011f\u0131 kontrolde hayat\u0131n\u0131 kaybetti\u011fi belirlenen \u015fahs\u0131n Ala\u015fehir Yeni Mahalle\u2019de&#8230;<\/p>\n","protected":false},"author":1,"featured_media":91246,"comment_status":"open","ping_status":"open","sticky":false,"template":"","format":"standard","meta":{"_crdt_document":"","footnotes":""},"categories":[5],"tags":[],"class_list":["post-91245","post","type-post","status-publish","format-standard","has-post-thumbnail","hentry","category-asayis"],"_links":{"self":[{"href":"https:\/\/www.egemtv.com\/index.php?rest_route=\/wp\/v2\/posts\/91245","targetHints":{"allow":["GET"]}}],"collection":[{"href":"https:\/\/www.egemtv.com\/index.php?rest_route=\/wp\/v2\/posts"}],"about":[{"href":"https:\/\/www.egemtv.com\/index.php?rest_route=\/wp\/v2\/types\/post"}],"author":[{"embeddable":true,"href":"https:\/\/www.egemtv.com\/index.php?rest_route=\/wp\/v2\/users\/1"}],"replies":[{"embeddable":true,"href":"https:\/\/www.egemtv.com\/index.php?rest_route=%2Fwp%2Fv2%2Fcomments&post=91245"}],"version-history":[{"count":1,"href":"https:\/\/www.egemtv.com\/index.php?rest_route=\/wp\/v2\/posts\/91245\/revisions"}],"predecessor-version":[{"id":91247,"href":"https:\/\/www.egemtv.com\/index.php?rest_route=\/wp\/v2\/posts\/91245\/revisions\/91247"}],"wp:featuredmedia":[{"embeddable":true,"href":"https:\/\/www.egemtv.com\/index.php?rest_route=\/wp\/v2\/media\/91246"}],"wp:attachment":[{"href":"https:\/\/www.egemtv.com\/index.php?rest_route=%2Fwp%2Fv2%2Fmedia&parent=91245"}],"wp:term":[{"taxonomy":"category","embeddable":true,"href":"https:\/\/www.egemtv.com\/index.php?rest_route=%2Fwp%2Fv2%2Fcategories&post=91245"},{"taxonomy":"post_tag","embeddable":true,"href":"https:\/\/www.egemtv.com\/index.php?rest_route=%2Fwp%2Fv2%2Ftags&post=91245"}],"curies":[{"name":"wp","href":"https:\/\/api.w.org\/{rel}","templated":true}]}}