{"id":91242,"date":"2026-03-01T19:55:03","date_gmt":"2026-03-01T16:55:03","guid":{"rendered":"https:\/\/www.egemtv.com\/?p=91242"},"modified":"2026-03-01T19:55:04","modified_gmt":"2026-03-01T16:55:04","slug":"mugla-buyuksehir-iftar-sofralarini-ilcelerde-kurmayi-surduruyor","status":"publish","type":"post","link":"https:\/\/www.egemtv.com\/?p=91242","title":{"rendered":"Mu\u011fla B\u00fcy\u00fck\u015fehir iftar sofralar\u0131n\u0131 il\u00e7elerde kurmay\u0131 s\u00fcrd\u00fcr\u00fcyor"},"content":{"rendered":"<p>Mu\u011fla B\u00fcy6\u00fck\u015fehir Belediyesi taraf\u0131ndan Ramazan ay\u0131n\u0131n ilk g\u00fcnlerinden itibaren d\u00fczenlenen iftar programlar\u0131 kapsam\u0131nda binlerce vatanda\u015f ayn\u0131 sofrada bulu\u015fturuluyor. \u0130l genelinde s\u00fcrd\u00fcr\u00fclen programlar do\u011frultusunda iftar bulu\u015fmalar\u0131nda 24 \u015eubat\u2019ta K\u00f6yce\u011fiz Pazaryeri, 25 \u015eubat\u2019ta Milas Pazaryeri ve 27 \u015eubat\u2019ta Dat\u00e7a Cumhuriyet Meydan\u0131\u2019nda ve 28 \u015eubat\u2019ta Bodrum Merkez Pazaryerinde binlerce vatanda\u015f ayn\u0131 sofrada bulu\u015ftu.<br \/>\n<br \/>Mu\u011fla B\u00fcy\u00fck\u015fehir Belediyesi\u2019nin iftar sofralar\u0131, 2 Mart\u2019ta Dalaman Karg\u0131nk\u0131r\u0131 Mahallesi, 4 Mart\u2019ta Ula Pazaryeri, 6 Mart\u2019ta Kavakl\u0131dere Belediye D\u00fc\u011f\u00fcn Salonu, 9 Mart\u2019ta Seydikemer Pazaryeri, 11 Mart\u2019ta Yata\u011fan Hasan Ha\u015fmet I\u015f\u0131k D\u00fc\u011f\u00fcn Salonu, 12 Mart\u2019ta Fethiye Esenk\u00f6y Sosyal Tesisleri ve 16 Mart\u2019ta Ortaca Bah\u00e7elievler D\u00fc\u011f\u00fcn Salonunda devam edecek.<br \/>\n<br \/>Ba\u015fkan Aras: &#8220;Mu\u011fla\u2019n\u0131n her k\u00f6\u015fesinde ayn\u0131 sofrada bulu\u015fmak \u00e7ok k\u0131ymetli&#8221;<br \/>\n<br \/>K\u0131y\u0131 Ege Belediyeler Birli\u011fi ve Mu\u011fla B\u00fcy\u00fck\u015fehir Belediye Ba\u015fkan\u0131 Ahmet Aras, Ramazan ay\u0131 boyunca il\u00e7elerde kurulan iftar sofralar\u0131na ili\u015fkin yapt\u0131\u011f\u0131 de\u011ferlendirmede, Ramazan\u2019\u0131n payla\u015fma ve dayan\u0131\u015fma ay\u0131 oldu\u011funu vurgulayarak \u015funlar\u0131 s\u00f6yledi:<br \/>\n<br \/>Ba\u015fkan Aras, &#8220;Ramazan ay\u0131; payla\u015fman\u0131n, dayan\u0131\u015fman\u0131n ve karde\u015fli\u011fin en g\u00fc\u00e7l\u00fc \u015fekilde hissedildi\u011fi m\u00fcstesna bir zaman dilimi. Mu\u011fla B\u00fcy\u00fck\u015fehir Belediyesi olarak bu manevi iklimi t\u00fcm il\u00e7elerimizde hem\u015ferilerimizle birlikte ya\u015famak istiyoruz. \u0130l\u00e7elerimizde kurdu\u011fumuz iftar sofralar\u0131yla sadece yemek de\u011fil; muhabbeti, dayan\u0131\u015fmay\u0131 ve g\u00f6n\u00fcl ba\u011flar\u0131m\u0131z\u0131 da payla\u015f\u0131yoruz. Mu\u011fla\u2019n\u0131n her k\u00f6\u015fesinde ayn\u0131 sofrada bulu\u015fmak, birlik ve beraberli\u011fimizi peki\u015ftirmek bizim i\u00e7in \u00e7ok k\u0131ymetli. T\u00fcm hem\u015fehrilerimizin Ramazan ay\u0131n\u0131n sa\u011fl\u0131k, huzur ve bereket getirmesini diliyorum&#8221; dedi.<br \/><\/p>\n","protected":false},"excerpt":{"rendered":"<p>Mu\u011fla B\u00fcy6\u00fck\u015fehir Belediyesi taraf\u0131ndan Ramazan ay\u0131n\u0131n ilk g\u00fcnlerinden itibaren d\u00fczenlenen iftar programlar\u0131 kapsam\u0131nda binlerce vatanda\u015f ayn\u0131 sofrada bulu\u015fturuluyor. \u0130l genelinde s\u00fcrd\u00fcr\u00fclen programlar do\u011frultusunda iftar bulu\u015fmalar\u0131nda 24 \u015eubat\u2019ta K\u00f6yce\u011fiz Pazaryeri, 25 \u015eubat\u2019ta Milas Pazaryeri ve 27 \u015eubat\u2019ta Dat\u00e7a Cumhuriyet Meydan\u0131\u2019nda ve 28 \u015eubat\u2019ta Bodrum Merkez Pazaryerinde binlerce vatanda\u015f ayn\u0131 sofrada bulu\u015ftu. Mu\u011fla B\u00fcy\u00fck\u015fehir Belediyesi\u2019nin iftar sofralar\u0131,&#8230;<\/p>\n","protected":false},"author":1,"featured_media":91243,"comment_status":"open","ping_status":"open","sticky":false,"template":"","format":"standard","meta":{"_crdt_document":"","footnotes":""},"categories":[123],"tags":[],"class_list":["post-91242","post","type-post","status-publish","format-standard","has-post-thumbnail","hentry","category-gundem"],"_links":{"self":[{"href":"https:\/\/www.egemtv.com\/index.php?rest_route=\/wp\/v2\/posts\/91242","targetHints":{"allow":["GET"]}}],"collection":[{"href":"https:\/\/www.egemtv.com\/index.php?rest_route=\/wp\/v2\/posts"}],"about":[{"href":"https:\/\/www.egemtv.com\/index.php?rest_route=\/wp\/v2\/types\/post"}],"author":[{"embeddable":true,"href":"https:\/\/www.egemtv.com\/index.php?rest_route=\/wp\/v2\/users\/1"}],"replies":[{"embeddable":true,"href":"https:\/\/www.egemtv.com\/index.php?rest_route=%2Fwp%2Fv2%2Fcomments&post=91242"}],"version-history":[{"count":1,"href":"https:\/\/www.egemtv.com\/index.php?rest_route=\/wp\/v2\/posts\/91242\/revisions"}],"predecessor-version":[{"id":91244,"href":"https:\/\/www.egemtv.com\/index.php?rest_route=\/wp\/v2\/posts\/91242\/revisions\/91244"}],"wp:featuredmedia":[{"embeddable":true,"href":"https:\/\/www.egemtv.com\/index.php?rest_route=\/wp\/v2\/media\/91243"}],"wp:attachment":[{"href":"https:\/\/www.egemtv.com\/index.php?rest_route=%2Fwp%2Fv2%2Fmedia&parent=91242"}],"wp:term":[{"taxonomy":"category","embeddable":true,"href":"https:\/\/www.egemtv.com\/index.php?rest_route=%2Fwp%2Fv2%2Fcategories&post=91242"},{"taxonomy":"post_tag","embeddable":true,"href":"https:\/\/www.egemtv.com\/index.php?rest_route=%2Fwp%2Fv2%2Ftags&post=91242"}],"curies":[{"name":"wp","href":"https:\/\/api.w.org\/{rel}","templated":true}]}}