{"id":91239,"date":"2026-03-01T19:14:30","date_gmt":"2026-03-01T16:14:30","guid":{"rendered":"https:\/\/www.egemtv.com\/?p=91239"},"modified":"2026-03-01T19:14:31","modified_gmt":"2026-03-01T16:14:31","slug":"koycegizde-yilin-ilk-ikinci-el-pazari-kuruldu","status":"publish","type":"post","link":"https:\/\/www.egemtv.com\/?p=91239","title":{"rendered":"K\u00f6yce\u011fiz\u2019de y\u0131l\u0131n ilk ikinci el pazar\u0131 kuruldu"},"content":{"rendered":"<p>Mu\u011fla\u2019n\u0131n K\u00f6yce\u011fiz il\u00e7esinde her ay\u0131n son Pazar g\u00fcn\u00fc kurulan ikinci el pazar\u0131 Ocak ay\u0131 ya\u011f\u0131\u015fl\u0131 ge\u00e7ti\u011fi i\u00e7in kurulamazken, \u015eubat Ay\u0131\u2019n\u0131n son haftas\u0131 Cumartesi olmas\u0131 nedeniyle 1 Mart Pazar g\u00fcn\u00fc kuruldu.<\/p>\n<p>K\u00f6yce\u011fiz\u2019de geleneksel olarak her ay\u0131n son Pazar g\u00fcn\u00fc ikinci el pazar\u0131 kuruluyor.  Ge\u00e7en hafta a\u015f\u0131r\u0131 ya\u011f\u0131\u015flar nedeniyle g\u00f6l ta\u015fk\u0131n\u0131 ya\u015fan\u0131rken, Atat\u00fcrk Kordonu sular alt\u0131nda kald\u0131. Sular\u0131n \u00e7ekilmesiyle kordon temizlendi ve ikinci el pazar\u0131 i\u00e7in haz\u0131rland\u0131. K\u00f6t\u00fc hava \u015fartlar\u0131n\u0131n ard\u0131ndan g\u00fcne\u015fli bir havada kurulan ikinci el pazar\u0131na kat\u0131l\u0131m y\u00fcksek oldu. \u00d6\u011fretmen Evi binas\u0131n\u0131n \u00f6n\u00fcnde kurulan tezgahlar, Atat\u00fcrk Kordonu boyunca uzand\u0131. Tezgahlarda her t\u00fcrl\u00fc \u00fcr\u00fcn, e\u015fya sat\u0131\u015fa sunuldu. T\u00fcm tezgahlarda al\u0131\u015fveri\u015f i\u00e7in toplanm\u0131\u015f vatanda\u015flar kalabal\u0131k olu\u015fturdu. Ramazan olmas\u0131 nedeniyle sat\u0131\u015f\u0131n d\u00fc\u015f\u00fck olaca\u011f\u0131n\u0131 d\u00fc\u015f\u00fcnen bir k\u0131s\u0131m sat\u0131c\u0131lar ise tezgah a\u00e7mad\u0131. G\u00fcne\u015fli havay\u0131 f\u0131rsat bilen vatanda\u015flar hem al\u0131\u015fveri\u015f yapt\u0131 hem de stres att\u0131. \u00c7ocuk oyun parklar\u0131 ise \u00e7ocuk c\u0131v\u0131lt\u0131lar\u0131 ile \u015fenlendi.<br \/><\/p>\n","protected":false},"excerpt":{"rendered":"<p>Mu\u011fla\u2019n\u0131n K\u00f6yce\u011fiz il\u00e7esinde her ay\u0131n son Pazar g\u00fcn\u00fc kurulan ikinci el pazar\u0131 Ocak ay\u0131 ya\u011f\u0131\u015fl\u0131 ge\u00e7ti\u011fi i\u00e7in kurulamazken, \u015eubat Ay\u0131\u2019n\u0131n son haftas\u0131 Cumartesi olmas\u0131 nedeniyle 1 Mart Pazar g\u00fcn\u00fc kuruldu. K\u00f6yce\u011fiz\u2019de geleneksel olarak her ay\u0131n son Pazar g\u00fcn\u00fc ikinci el pazar\u0131 kuruluyor. Ge\u00e7en hafta a\u015f\u0131r\u0131 ya\u011f\u0131\u015flar nedeniyle g\u00f6l ta\u015fk\u0131n\u0131 ya\u015fan\u0131rken, Atat\u00fcrk Kordonu sular alt\u0131nda kald\u0131&#8230;.<\/p>\n","protected":false},"author":1,"featured_media":91240,"comment_status":"open","ping_status":"open","sticky":false,"template":"","format":"standard","meta":{"_crdt_document":"","footnotes":""},"categories":[1],"tags":[],"class_list":["post-91239","post","type-post","status-publish","format-standard","has-post-thumbnail","hentry","category-guncel"],"_links":{"self":[{"href":"https:\/\/www.egemtv.com\/index.php?rest_route=\/wp\/v2\/posts\/91239","targetHints":{"allow":["GET"]}}],"collection":[{"href":"https:\/\/www.egemtv.com\/index.php?rest_route=\/wp\/v2\/posts"}],"about":[{"href":"https:\/\/www.egemtv.com\/index.php?rest_route=\/wp\/v2\/types\/post"}],"author":[{"embeddable":true,"href":"https:\/\/www.egemtv.com\/index.php?rest_route=\/wp\/v2\/users\/1"}],"replies":[{"embeddable":true,"href":"https:\/\/www.egemtv.com\/index.php?rest_route=%2Fwp%2Fv2%2Fcomments&post=91239"}],"version-history":[{"count":1,"href":"https:\/\/www.egemtv.com\/index.php?rest_route=\/wp\/v2\/posts\/91239\/revisions"}],"predecessor-version":[{"id":91241,"href":"https:\/\/www.egemtv.com\/index.php?rest_route=\/wp\/v2\/posts\/91239\/revisions\/91241"}],"wp:featuredmedia":[{"embeddable":true,"href":"https:\/\/www.egemtv.com\/index.php?rest_route=\/wp\/v2\/media\/91240"}],"wp:attachment":[{"href":"https:\/\/www.egemtv.com\/index.php?rest_route=%2Fwp%2Fv2%2Fmedia&parent=91239"}],"wp:term":[{"taxonomy":"category","embeddable":true,"href":"https:\/\/www.egemtv.com\/index.php?rest_route=%2Fwp%2Fv2%2Fcategories&post=91239"},{"taxonomy":"post_tag","embeddable":true,"href":"https:\/\/www.egemtv.com\/index.php?rest_route=%2Fwp%2Fv2%2Ftags&post=91239"}],"curies":[{"name":"wp","href":"https:\/\/api.w.org\/{rel}","templated":true}]}}