{"id":91236,"date":"2026-03-01T18:59:12","date_gmt":"2026-03-01T15:59:12","guid":{"rendered":"https:\/\/www.egemtv.com\/?p=91236"},"modified":"2026-03-01T18:59:13","modified_gmt":"2026-03-01T15:59:13","slug":"baskan-omer-gunel-son-kurusuna-kadar-hizmet-uretmek-icin-kullaniyoruz","status":"publish","type":"post","link":"https:\/\/www.egemtv.com\/?p=91236","title":{"rendered":"Ba\u015fkan \u00d6mer G\u00fcnel: &#8220;Son kuru\u015funa kadar hizmet \u00fcretmek i\u00e7in kullan\u0131yoruz&#8221;"},"content":{"rendered":"<p>Ku\u015fadas\u0131 Belediye Meclisi Mart ay\u0131 ola\u011fan toplant\u0131s\u0131 ger\u00e7ekle\u015ftirilirken, toplant\u0131da Ku\u015fadas\u0131\u2019nda yap\u0131lacak yol yat\u0131r\u0131mlar\u0131yla ilgili \u0130ller Bankas\u0131\u2019ndan kredi \u00e7ekilmesi i\u00e7in meclisten yetki isteyen Ba\u015fkan \u00d6mer G\u00fcnel, &#8220;Biz ald\u0131\u011f\u0131m\u0131z kredileri son kuru\u015funa kadar hizmet \u00fcretmek i\u00e7in kullan\u0131yoruz. Ayd\u0131n B\u00fcy\u00fck\u015fehir Belediye Meclisi\u2019nde talep edilen kredilere hay\u0131r dememizin nedeni ise hizmete kar\u015f\u0131 olmam\u0131zdan kaynaklanm\u0131yor&#8221; dedi.<\/p>\n<p>Ku\u015fadas\u0131 Belediye Meclisi Mart ay\u0131 Ola\u011fan Toplant\u0131s\u0131 Ba\u015fkan \u00d6mer G\u00fcnel y\u00f6netiminde, Pera D\u00fc\u011f\u00fcn, Organizasyon ve K\u00fclt\u00fcr Merkezi\u2019nde yap\u0131ld\u0131. Toplant\u0131da, m\u00fcd\u00fcrl\u00fcklerden gelen ve komisyonlara havale edilen g\u00fcndem maddeleri ele al\u0131nd\u0131. Toplant\u0131da, Ba\u015fkan \u00d6mer G\u00fcnel, meclisten Ku\u015fadas\u0131\u2019na yap\u0131lacak yol yat\u0131r\u0131mlar\u0131 i\u00e7in \u0130ller Bankas\u0131\u2019ndan 280 milyon liral\u0131k kredi \u00e7ekilmesi i\u00e7in yetki talep etti. Bunun \u00fczerine AKP Grup s\u00f6zc\u00fcs\u00fc Tacettin \u00d6zden, Ayd\u0131n B\u00fcy\u00fck\u015fehir Belediye meclisinde CHP Grubunun kullan\u0131lmak istenen kredilere neden ret oyu verdi\u011fini sordu.<\/p>\n<p>Konuyla ilgili a\u00e7\u0131klama yapan Ku\u015fadas\u0131 Belediye Meclisi ve Ayd\u0131n B\u00fcy\u00fck\u015fehir Belediye Meclisi Plan ve B\u00fct\u00e7e Komisyonu \u00fcyesi T\u00fcmer Apayd\u0131n, &#8220;CHP Grubu olarak bug\u00fcne kadar k\u00f6y yollar\u0131 ve asfalt i\u015fleri i\u00e7in 250 milyon, yeni d\u00f6rt yol kav\u015fa\u011f\u0131 i\u00e7in 850 milyon, \u015eehir hastanesi yol ve kav\u015fa\u011f\u0131 i\u00e7in 150 milyon, yine s\u0131cak asfalt i\u015fleri i\u00e7in 250 milyon, d\u00fc\u011f\u00fcn salonu, oyun park\u0131 ve hal\u0131 sahalar i\u00e7in 500 milyon olmak \u00fczere Ayd\u0131n B\u00fcy\u00fck\u015fehir Belediyesi i\u00e7in toplamda 2 milyar liral\u0131k kredi kullan\u0131lmas\u0131na yetki verdik. Ayr\u0131ca CHP Grubu olarak \u0130ncirliova kanalizasyon ve i\u00e7me suyu i\u015fleri i\u00e7in 1 milyar 302 milyon 110 bin 350 lira, S\u00f6ke ya\u011fmur suyu i\u00e7in 71 milyon lira, S\u00f6ke Yenido\u011fan kanalizasyon i\u015fleri i\u00e7in de 86 milyon 238 bin 077 lira olmak \u00fczere ASK\u0130\u2019nin de toplam 1 milyar 459 milyon 348 bin 427 lira kredi kullanmas\u0131na izni verdik. Ancak \u015eubat ay\u0131nda yap\u0131lan mecliste tekrar y\u00fcksek miktarda kredi kullanma talebi gelince biz daha \u00f6nce \u00e7ekilen kredilerin kullan\u0131l\u0131p, kullan\u0131lmad\u0131\u011f\u0131n\u0131 sorduk. Ancak bununla ilgili bir bilgi alamad\u0131k. E\u011fer kredilerin bitti\u011fi cevab\u0131n\u0131 alsayd\u0131k zaten istenen yeni rakama yine evet derdik. Onun i\u00e7in kimse hizmete engel oluyorlar alg\u0131s\u0131 olu\u015fturmas\u0131n&#8221; dedi.<\/p>\n<p>&#8220;CHP\u2019ye bor\u00e7lu bir belediye b\u0131rakmak istiyorlar<br \/>\n<br \/>Ba\u015fkan \u00d6mer G\u00fcnel ise, &#8220;Biz bug\u00fcne kadar \u00e7ekti\u011fimiz her krediyi son kuru\u015funa kadar Ku\u015fadas\u0131 halk\u0131na hizmet \u00fcretmek i\u00e7in kulland\u0131k. \u015eimdi alaca\u011f\u0131m\u0131z krediyle Ku\u015fadas\u0131\u2019n\u0131n ihtiyac\u0131 olan t\u00fcm yollar\u0131 yapaca\u011f\u0131z. Ayd\u0131n B\u00fcy\u00fck\u015fehir Belediye Meclisi\u2019nde kredi \u00e7ekilmesine hay\u0131r dememizin nedeni ise hizmete kar\u015f\u0131 olmam\u0131zdan kaynaklanm\u0131yor. Kald\u0131 ki bug\u00fcne kadar Ayd\u0131n B\u00fcy\u00fck\u015fehir Belediyesi\u2019nin \u0130ller Bankas\u0131\u2019ndan yakla\u015f\u0131k 3 milyar 600 milyon kredi kullanmas\u0131na onay vermi\u015fiz. K\u00f6t\u00fc niyetli olsak buna da onay vermezdik. Ancak burada alt\u0131n\u0131 \u00e7izmek istedi\u011fim bir nokta var. Ayd\u0131n B\u00fcy\u00fck\u015fehir Belediyesi \u015fu an tarihinde hi\u00e7 olmad\u0131\u011f\u0131 kadar bor\u00e7lan\u0131yor. Ben bu kadar bor\u00e7lanma talebinin, Ayd\u0131n B\u00fcy\u00fck\u015fehir Belediyesi\u2019nin bir sonraki d\u00f6nemde kesinlikle iktidar\u0131 kaybedece\u011fini bilip, CHP\u2019ye bor\u00e7lu bir belediye b\u0131rakma niyetinden kaynakland\u0131\u011f\u0131n\u0131 d\u00fc\u015f\u00fcn\u00fcyorum&#8221; diye konu\u015ftu.<\/p>\n<p>Amat\u00f6r spora \u00f6nemli destek<br \/>\n<br \/>Ku\u015fadas\u0131 BelediyeMeclisi Mart ay\u0131 Ola\u011fan Toplant\u0131s\u0131\u2019nda amat\u00f6r spor kul\u00fcplerine de maddi a\u00e7\u0131dan destek \u00e7\u0131kt\u0131. Bu kapsamda kentte yaz ve k\u0131\u015f d\u00f6nemlerinde a\u00e7t\u0131\u011f\u0131 kurslarla binlerce ki\u015fiye spor yapt\u0131ran Ku\u015fadas\u0131 Belediye Spor\u2019a 5 milyon 500 bin lira, G\u00fczel\u00e7aml\u0131 Spor\u2019a da 200 bin lira nakdi yard\u0131m yap\u0131lmas\u0131na karar verildi. Toplant\u0131da ayr\u0131ca Ku\u015fadas\u0131\u2019nda faaliyet g\u00f6steren kooperatiflere de destek vermek amac\u0131yla \u2018Kooperatif Destek ve Proje Geli\u015ftirme Merkezi\u2019nin kurulmas\u0131 kararla\u015ft\u0131r\u0131ld\u0131.<br \/><\/p>\n","protected":false},"excerpt":{"rendered":"<p>Ku\u015fadas\u0131 Belediye Meclisi Mart ay\u0131 ola\u011fan toplant\u0131s\u0131 ger\u00e7ekle\u015ftirilirken, toplant\u0131da Ku\u015fadas\u0131\u2019nda yap\u0131lacak yol yat\u0131r\u0131mlar\u0131yla ilgili \u0130ller Bankas\u0131\u2019ndan kredi \u00e7ekilmesi i\u00e7in meclisten yetki isteyen Ba\u015fkan \u00d6mer G\u00fcnel, &#8220;Biz ald\u0131\u011f\u0131m\u0131z kredileri son kuru\u015funa kadar hizmet \u00fcretmek i\u00e7in kullan\u0131yoruz. Ayd\u0131n B\u00fcy\u00fck\u015fehir Belediye Meclisi\u2019nde talep edilen kredilere hay\u0131r dememizin nedeni ise hizmete kar\u015f\u0131 olmam\u0131zdan kaynaklanm\u0131yor&#8221; dedi. Ku\u015fadas\u0131 Belediye Meclisi Mart&#8230;<\/p>\n","protected":false},"author":1,"featured_media":91237,"comment_status":"open","ping_status":"open","sticky":false,"template":"","format":"standard","meta":{"_crdt_document":"","footnotes":""},"categories":[127],"tags":[],"class_list":["post-91236","post","type-post","status-publish","format-standard","has-post-thumbnail","hentry","category-siyaset"],"_links":{"self":[{"href":"https:\/\/www.egemtv.com\/index.php?rest_route=\/wp\/v2\/posts\/91236","targetHints":{"allow":["GET"]}}],"collection":[{"href":"https:\/\/www.egemtv.com\/index.php?rest_route=\/wp\/v2\/posts"}],"about":[{"href":"https:\/\/www.egemtv.com\/index.php?rest_route=\/wp\/v2\/types\/post"}],"author":[{"embeddable":true,"href":"https:\/\/www.egemtv.com\/index.php?rest_route=\/wp\/v2\/users\/1"}],"replies":[{"embeddable":true,"href":"https:\/\/www.egemtv.com\/index.php?rest_route=%2Fwp%2Fv2%2Fcomments&post=91236"}],"version-history":[{"count":1,"href":"https:\/\/www.egemtv.com\/index.php?rest_route=\/wp\/v2\/posts\/91236\/revisions"}],"predecessor-version":[{"id":91238,"href":"https:\/\/www.egemtv.com\/index.php?rest_route=\/wp\/v2\/posts\/91236\/revisions\/91238"}],"wp:featuredmedia":[{"embeddable":true,"href":"https:\/\/www.egemtv.com\/index.php?rest_route=\/wp\/v2\/media\/91237"}],"wp:attachment":[{"href":"https:\/\/www.egemtv.com\/index.php?rest_route=%2Fwp%2Fv2%2Fmedia&parent=91236"}],"wp:term":[{"taxonomy":"category","embeddable":true,"href":"https:\/\/www.egemtv.com\/index.php?rest_route=%2Fwp%2Fv2%2Fcategories&post=91236"},{"taxonomy":"post_tag","embeddable":true,"href":"https:\/\/www.egemtv.com\/index.php?rest_route=%2Fwp%2Fv2%2Ftags&post=91236"}],"curies":[{"name":"wp","href":"https:\/\/api.w.org\/{rel}","templated":true}]}}