{"id":91233,"date":"2026-03-01T15:55:09","date_gmt":"2026-03-01T12:55:09","guid":{"rendered":"https:\/\/www.egemtv.com\/?p=91233"},"modified":"2026-03-01T15:55:09","modified_gmt":"2026-03-01T12:55:09","slug":"sahil-guvenlikten-kacamadilar-35-gocmen-yakalandi","status":"publish","type":"post","link":"https:\/\/www.egemtv.com\/?p=91233","title":{"rendered":"Sahil g\u00fcvenlikten ka\u00e7amad\u0131lar: 35 g\u00f6\u00e7men yakaland\u0131"},"content":{"rendered":"<p>\u0130zmir\u2019in Seferihisar il\u00e7esinde, sahil g\u00fcvenlik ekipleri taraf\u0131ndan durdurulan lastik bot i\u00e7erisindeki 35 d\u00fczensiz g\u00f6\u00e7men yakaland\u0131.<br \/>\n<br \/>Olay, 27 \u015eubat 2026 tarihinde saat 06.00 s\u0131ralar\u0131nda Seferihisar il\u00e7esi a\u00e7\u0131klar\u0131nda meydana geldi. Edinilen bilgiye g\u00f6re, b\u00f6lgede g\u00f6revli Sahil G\u00fcvenlik Mobil Radar\u0131 (MORAD-09) taraf\u0131ndan deniz \u00fczerinde hareket halindeki bir lastik bot i\u00e7erisinde d\u00fczensiz g\u00f6\u00e7men grubu tespit edildi. \u0130hbar \u00fczerine b\u00f6lgeye Sahil G\u00fcvenlik Gemisi (TCSG-107) ve Sahil G\u00fcvenlik Botu (KB-22) sevk edildi. Hareket halindeki lastik botu durduran ekipler, i\u00e7erisindeki 35 d\u00fczensiz g\u00f6\u00e7meni yakalad\u0131.<br \/>\n<br \/>Karaya \u00e7\u0131kar\u0131lan d\u00fczensiz g\u00f6\u00e7menler, i\u015flemlerinin ard\u0131ndan \u0130l G\u00f6\u00e7 \u0130daresi M\u00fcd\u00fcrl\u00fc\u011f\u00fcne teslim edildi.<br \/><\/p>\n","protected":false},"excerpt":{"rendered":"<p>\u0130zmir\u2019in Seferihisar il\u00e7esinde, sahil g\u00fcvenlik ekipleri taraf\u0131ndan durdurulan lastik bot i\u00e7erisindeki 35 d\u00fczensiz g\u00f6\u00e7men yakaland\u0131. Olay, 27 \u015eubat 2026 tarihinde saat 06.00 s\u0131ralar\u0131nda Seferihisar il\u00e7esi a\u00e7\u0131klar\u0131nda meydana geldi. Edinilen bilgiye g\u00f6re, b\u00f6lgede g\u00f6revli Sahil G\u00fcvenlik Mobil Radar\u0131 (MORAD-09) taraf\u0131ndan deniz \u00fczerinde hareket halindeki bir lastik bot i\u00e7erisinde d\u00fczensiz g\u00f6\u00e7men grubu tespit edildi. \u0130hbar \u00fczerine b\u00f6lgeye&#8230;<\/p>\n","protected":false},"author":1,"featured_media":91234,"comment_status":"open","ping_status":"open","sticky":false,"template":"","format":"standard","meta":{"_crdt_document":"","footnotes":""},"categories":[5],"tags":[],"class_list":["post-91233","post","type-post","status-publish","format-standard","has-post-thumbnail","hentry","category-asayis"],"_links":{"self":[{"href":"https:\/\/www.egemtv.com\/index.php?rest_route=\/wp\/v2\/posts\/91233","targetHints":{"allow":["GET"]}}],"collection":[{"href":"https:\/\/www.egemtv.com\/index.php?rest_route=\/wp\/v2\/posts"}],"about":[{"href":"https:\/\/www.egemtv.com\/index.php?rest_route=\/wp\/v2\/types\/post"}],"author":[{"embeddable":true,"href":"https:\/\/www.egemtv.com\/index.php?rest_route=\/wp\/v2\/users\/1"}],"replies":[{"embeddable":true,"href":"https:\/\/www.egemtv.com\/index.php?rest_route=%2Fwp%2Fv2%2Fcomments&post=91233"}],"version-history":[{"count":1,"href":"https:\/\/www.egemtv.com\/index.php?rest_route=\/wp\/v2\/posts\/91233\/revisions"}],"predecessor-version":[{"id":91235,"href":"https:\/\/www.egemtv.com\/index.php?rest_route=\/wp\/v2\/posts\/91233\/revisions\/91235"}],"wp:featuredmedia":[{"embeddable":true,"href":"https:\/\/www.egemtv.com\/index.php?rest_route=\/wp\/v2\/media\/91234"}],"wp:attachment":[{"href":"https:\/\/www.egemtv.com\/index.php?rest_route=%2Fwp%2Fv2%2Fmedia&parent=91233"}],"wp:term":[{"taxonomy":"category","embeddable":true,"href":"https:\/\/www.egemtv.com\/index.php?rest_route=%2Fwp%2Fv2%2Fcategories&post=91233"},{"taxonomy":"post_tag","embeddable":true,"href":"https:\/\/www.egemtv.com\/index.php?rest_route=%2Fwp%2Fv2%2Ftags&post=91233"}],"curies":[{"name":"wp","href":"https:\/\/api.w.org\/{rel}","templated":true}]}}