{"id":91230,"date":"2026-03-01T15:55:08","date_gmt":"2026-03-01T12:55:08","guid":{"rendered":"https:\/\/www.egemtv.com\/?p=91230"},"modified":"2026-03-01T15:55:09","modified_gmt":"2026-03-01T12:55:09","slug":"iftira-demisti-goruntuler-ortaya-cikti-eski-esini-ve-oglunu-boyle-ezdi","status":"publish","type":"post","link":"https:\/\/www.egemtv.com\/?p=91230","title":{"rendered":"&#8220;\u0130ftira&#8221; demi\u015fti, g\u00f6r\u00fcnt\u00fcler ortaya \u00e7\u0131kt\u0131: Eski e\u015fini ve o\u011flunu b\u00f6yle ezdi"},"content":{"rendered":"<p>\u0130zmir\u2019in Menemen il\u00e7esinde bir ki\u015finin, \u015fiddet nedeniyle kendisinden bo\u015fanan eski kar\u0131s\u0131n\u0131 ve 9 ya\u015f\u0131ndaki o\u011flunu otomobille ezdi\u011fi anlara ili\u015fkin g\u00fcvenlik kameras\u0131 g\u00f6r\u00fcnt\u00fcleri ortaya \u00e7\u0131kt\u0131. Haz\u0131rlanan iddianamede, san\u0131\u011f\u0131n \u2019Kasten \u00f6ld\u00fcrmeye te\u015febb\u00fcs\u2019 su\u00e7undan 42 y\u0131la kadar hapsi istendi.<br \/>\n<br \/>Olay, ge\u00e7ti\u011fimiz y\u0131l Kas\u0131m ay\u0131nda \u0130zmir\u2019in Menemen il\u00e7esinde meydana geldi. Edinilen bilgiye g\u00f6re, \u015fiddet gerek\u00e7esiyle kendisinden bo\u015fanan Hatice Ekiz ve o\u011flu K.Y.\u2019nin y\u00fcr\u00fcd\u00fc\u011f\u00fc s\u0131rada Hamit G\u00f6ksel Y. y\u00f6netimindeki ara\u00e7 kendilerine \u00e7arpt\u0131. Olay\u0131n ard\u0131ndan ba\u015flat\u0131lan soru\u015fturma \u00e7er\u00e7evesinde haz\u0131rlanan iddianamede, Hamit G\u00f6ksel Y. hakk\u0131nda \u2018\u00c7ocu\u011fa ve eski e\u015fe kar\u015f\u0131 kasten \u00f6ld\u00fcrmeye te\u015febb\u00fcs\u2019 su\u00e7undan ayr\u0131 ayr\u0131 21\u2019er y\u0131la kadar hapis cezas\u0131 istendi.<\/p>\n<p>Arac\u0131n \u00f6ld\u00fcrmeye elveri\u015fli oldu\u011fu vurguland\u0131<br \/>\n<br \/>\u0130ddianamede, Hatice Ekiz\u2019in v\u00fccudundaki kemik k\u0131r\u0131klar\u0131n\u0131n hayat fonksiyonlar\u0131n\u0131 a\u011f\u0131r derecede etkiledi\u011fi ve yaralanman\u0131n basit t\u0131bbi m\u00fcdahaleyle giderilemez boyutta oldu\u011fu belirtildi. 9 ya\u015f\u0131ndaki K.Y. hakk\u0131nda haz\u0131rlanan kati hekim raporunda ise olay sonras\u0131 \u2019akut stres bozuklu\u011fu\u2019 tespit edildi\u011fi, ruhsal etkilenim s\u00fcresi ve klinik durumu g\u00f6z \u00f6n\u00fcnde bulunduruldu\u011funda yaralanman\u0131n basit t\u0131bbi m\u00fcdahale s\u0131n\u0131rlar\u0131n\u0131 a\u015ft\u0131\u011f\u0131 ifade edildi. Cumhuriyet savc\u0131s\u0131 taraf\u0131ndan haz\u0131rlanan iddianamede, olayda kullan\u0131lan arac\u0131n \u2019\u00f6ld\u00fcrmeye elveri\u015fli bir ara\u00e7\u2019 oldu\u011funa dikkat \u00e7ekilerek, eylemin \u2019Kasten \u00f6ld\u00fcrmeye te\u015febb\u00fcs\u2019 su\u00e7unu olu\u015fturdu\u011fu vurguland\u0131. Ma\u011fdur K.Y. ifadesinde, babas\u0131n\u0131n annesine \u00e7arpt\u0131ktan sonra ara\u00e7tan inmeden &#8220;Git kime s\u00f6yl\u00fcyorsan s\u00f6yle&#8221; diye ba\u011f\u0131rd\u0131\u011f\u0131n\u0131 dile getirdi. K.Y., babas\u0131n\u0131n ceza almas\u0131n\u0131 istemedi\u011fi i\u00e7in \u015fikayet\u00e7i olmad\u0131\u011f\u0131n\u0131 belirtti.<\/p>\n<p>San\u0131k: &#8220;\u0130ftira atiyor&#8221;<br \/>\n<br \/>San\u0131k Hamit G\u00f6ksel Y. ise savunmas\u0131nda su\u00e7lamalar\u0131 reddederek, &#8220;O\u011flum para isteyince eski e\u015fimin \u00e7al\u0131\u015ft\u0131\u011f\u0131 kuaf\u00f6re do\u011fru yola \u00e7\u0131kt\u0131m. Onlar\u0131 yolda g\u00f6r\u00fcnce ters \u015feritten yanlar\u0131na yana\u015fmak istedim. Hatice k\u00fcfrederek arac\u0131m\u0131n \u00f6n\u00fcne atlad\u0131. Ne o\u011fluma ne de Hatice\u2019ye \u00e7arpmad\u0131m. \u0130ftira at\u0131yor&#8221; dedi. \u015eikayet\u00e7i Hatice Ekiz ise evlilikleri boyunca \u015fiddet g\u00f6rd\u00fc\u011f\u00fcn\u00fc belirterek san\u0131\u011f\u0131n en a\u011f\u0131r cezay\u0131 almas\u0131n\u0131 talep etti.<\/p>\n<p>Olay an\u0131 kamerada<br \/>\n<br \/>Dava s\u00fcreci devam ederken ortaya \u00e7\u0131kan kamera g\u00f6r\u00fcnt\u00fclerinde, san\u0131k Hamit G\u00f6ksel Y.\u2019nin arac\u0131yla bir s\u00fcre \u00e7evrede bekledi\u011fi, ard\u0131ndan o\u011fluyla y\u00fcr\u00fcyen eski e\u015fini fark edince kar\u015f\u0131 \u015feride ge\u00e7erek otomobili \u00fczerlerine s\u00fcrd\u00fc\u011f\u00fc ve \u00e7arpman\u0131n ard\u0131ndan olay yerinden uzakla\u015ft\u0131\u011f\u0131 anlar kaydedildi.<br \/><\/p>\n","protected":false},"excerpt":{"rendered":"<p>\u0130zmir\u2019in Menemen il\u00e7esinde bir ki\u015finin, \u015fiddet nedeniyle kendisinden bo\u015fanan eski kar\u0131s\u0131n\u0131 ve 9 ya\u015f\u0131ndaki o\u011flunu otomobille ezdi\u011fi anlara ili\u015fkin g\u00fcvenlik kameras\u0131 g\u00f6r\u00fcnt\u00fcleri ortaya \u00e7\u0131kt\u0131. Haz\u0131rlanan iddianamede, san\u0131\u011f\u0131n \u2019Kasten \u00f6ld\u00fcrmeye te\u015febb\u00fcs\u2019 su\u00e7undan 42 y\u0131la kadar hapsi istendi. Olay, ge\u00e7ti\u011fimiz y\u0131l Kas\u0131m ay\u0131nda \u0130zmir\u2019in Menemen il\u00e7esinde meydana geldi. Edinilen bilgiye g\u00f6re, \u015fiddet gerek\u00e7esiyle kendisinden bo\u015fanan Hatice Ekiz&#8230;<\/p>\n","protected":false},"author":1,"featured_media":91231,"comment_status":"open","ping_status":"open","sticky":false,"template":"","format":"standard","meta":{"_crdt_document":"","footnotes":""},"categories":[5],"tags":[],"class_list":["post-91230","post","type-post","status-publish","format-standard","has-post-thumbnail","hentry","category-asayis"],"_links":{"self":[{"href":"https:\/\/www.egemtv.com\/index.php?rest_route=\/wp\/v2\/posts\/91230","targetHints":{"allow":["GET"]}}],"collection":[{"href":"https:\/\/www.egemtv.com\/index.php?rest_route=\/wp\/v2\/posts"}],"about":[{"href":"https:\/\/www.egemtv.com\/index.php?rest_route=\/wp\/v2\/types\/post"}],"author":[{"embeddable":true,"href":"https:\/\/www.egemtv.com\/index.php?rest_route=\/wp\/v2\/users\/1"}],"replies":[{"embeddable":true,"href":"https:\/\/www.egemtv.com\/index.php?rest_route=%2Fwp%2Fv2%2Fcomments&post=91230"}],"version-history":[{"count":1,"href":"https:\/\/www.egemtv.com\/index.php?rest_route=\/wp\/v2\/posts\/91230\/revisions"}],"predecessor-version":[{"id":91232,"href":"https:\/\/www.egemtv.com\/index.php?rest_route=\/wp\/v2\/posts\/91230\/revisions\/91232"}],"wp:featuredmedia":[{"embeddable":true,"href":"https:\/\/www.egemtv.com\/index.php?rest_route=\/wp\/v2\/media\/91231"}],"wp:attachment":[{"href":"https:\/\/www.egemtv.com\/index.php?rest_route=%2Fwp%2Fv2%2Fmedia&parent=91230"}],"wp:term":[{"taxonomy":"category","embeddable":true,"href":"https:\/\/www.egemtv.com\/index.php?rest_route=%2Fwp%2Fv2%2Fcategories&post=91230"},{"taxonomy":"post_tag","embeddable":true,"href":"https:\/\/www.egemtv.com\/index.php?rest_route=%2Fwp%2Fv2%2Ftags&post=91230"}],"curies":[{"name":"wp","href":"https:\/\/api.w.org\/{rel}","templated":true}]}}