{"id":91227,"date":"2026-03-01T15:55:07","date_gmt":"2026-03-01T12:55:07","guid":{"rendered":"https:\/\/www.egemtv.com\/?p=91227"},"modified":"2026-03-01T15:55:08","modified_gmt":"2026-03-01T12:55:08","slug":"atca-sehit-mutlu-ucar-anadolu-lisesinde-turkiye-yuzyili-maarif-modeli-toplantisi","status":"publish","type":"post","link":"https:\/\/www.egemtv.com\/?p=91227","title":{"rendered":"At\u00e7a \u015eehit Mutlu U\u00e7ar Anadolu Lisesi\u2019nde T\u00fcrkiye Y\u00fczy\u0131l\u0131 Maarif Modeli Toplant\u0131s\u0131"},"content":{"rendered":"<p>Ayd\u0131n\u2019\u0131n Sultanhisar il\u00e7esinde Sultanhisar \u0130l\u00e7e Milli E\u011fitim \u015eube M\u00fcd\u00fcr\u00fc Y\u0131lmaz, At\u00e7a Lisesi\u2019nde T\u00fcrkiye Y\u00fczy\u0131l\u0131 Maarif Modeli \u00e7al\u0131\u015fmalar\u0131n\u0131 de\u011ferlendirdi.<\/p>\n<p>2025-2026 e\u011fitim \u00f6\u011fretim y\u0131l\u0131nda il\u00e7edeki okullarda T\u00fcrkiye Y\u00fczy\u0131l\u0131 Maarif Modeli kapsam\u0131ndaki \u00e7al\u0131\u015fmalar\u0131n d\u00fczenli takibi ve y\u00f6neticiler ile \u00f6\u011fretmenlere saha rehberli\u011fi sa\u011flanmas\u0131 amac\u0131yla \u015fube m\u00fcd\u00fcrleri taraf\u0131ndan ger\u00e7ekle\u015ftirilen odak grup toplant\u0131lar\u0131 devam ediyor. Bu kapsamda, \u0130l\u00e7e Milli E\u011fitim M\u00fcd\u00fcrl\u00fc\u011f\u00fc \u015fube m\u00fcd\u00fcrlerinden Burcu Tanr\u0131verdi Y\u0131lmaz, At\u00e7a \u015eehit Mutlu U\u00e7ar Anadolu Lisesi\u2019ni ziyaret ederek toplant\u0131ya ba\u015fkanl\u0131k etti. Toplant\u0131da, okul y\u00f6neticileri ve \u00f6\u011fretmenlerle bir araya gelen Y\u0131lmaz, T\u00fcrkiye Y\u00fczy\u0131l\u0131 Maarif Modeli kapsam\u0131ndaki katk\u0131lar\u0131ndan \u00f6t\u00fcr\u00fc okul y\u00f6netimine te\u015fekk\u00fcr etti ve e\u011fitim \u00e7al\u0131\u015fmalar\u0131nda kolayl\u0131klar diledi.<br \/><\/p>\n","protected":false},"excerpt":{"rendered":"<p>Ayd\u0131n\u2019\u0131n Sultanhisar il\u00e7esinde Sultanhisar \u0130l\u00e7e Milli E\u011fitim \u015eube M\u00fcd\u00fcr\u00fc Y\u0131lmaz, At\u00e7a Lisesi\u2019nde T\u00fcrkiye Y\u00fczy\u0131l\u0131 Maarif Modeli \u00e7al\u0131\u015fmalar\u0131n\u0131 de\u011ferlendirdi. 2025-2026 e\u011fitim \u00f6\u011fretim y\u0131l\u0131nda il\u00e7edeki okullarda T\u00fcrkiye Y\u00fczy\u0131l\u0131 Maarif Modeli kapsam\u0131ndaki \u00e7al\u0131\u015fmalar\u0131n d\u00fczenli takibi ve y\u00f6neticiler ile \u00f6\u011fretmenlere saha rehberli\u011fi sa\u011flanmas\u0131 amac\u0131yla \u015fube m\u00fcd\u00fcrleri taraf\u0131ndan ger\u00e7ekle\u015ftirilen odak grup toplant\u0131lar\u0131 devam ediyor. Bu kapsamda, \u0130l\u00e7e Milli E\u011fitim M\u00fcd\u00fcrl\u00fc\u011f\u00fc&#8230;<\/p>\n","protected":false},"author":1,"featured_media":91228,"comment_status":"open","ping_status":"open","sticky":false,"template":"","format":"standard","meta":{"_crdt_document":"","footnotes":""},"categories":[1],"tags":[],"class_list":["post-91227","post","type-post","status-publish","format-standard","has-post-thumbnail","hentry","category-guncel"],"_links":{"self":[{"href":"https:\/\/www.egemtv.com\/index.php?rest_route=\/wp\/v2\/posts\/91227","targetHints":{"allow":["GET"]}}],"collection":[{"href":"https:\/\/www.egemtv.com\/index.php?rest_route=\/wp\/v2\/posts"}],"about":[{"href":"https:\/\/www.egemtv.com\/index.php?rest_route=\/wp\/v2\/types\/post"}],"author":[{"embeddable":true,"href":"https:\/\/www.egemtv.com\/index.php?rest_route=\/wp\/v2\/users\/1"}],"replies":[{"embeddable":true,"href":"https:\/\/www.egemtv.com\/index.php?rest_route=%2Fwp%2Fv2%2Fcomments&post=91227"}],"version-history":[{"count":1,"href":"https:\/\/www.egemtv.com\/index.php?rest_route=\/wp\/v2\/posts\/91227\/revisions"}],"predecessor-version":[{"id":91229,"href":"https:\/\/www.egemtv.com\/index.php?rest_route=\/wp\/v2\/posts\/91227\/revisions\/91229"}],"wp:featuredmedia":[{"embeddable":true,"href":"https:\/\/www.egemtv.com\/index.php?rest_route=\/wp\/v2\/media\/91228"}],"wp:attachment":[{"href":"https:\/\/www.egemtv.com\/index.php?rest_route=%2Fwp%2Fv2%2Fmedia&parent=91227"}],"wp:term":[{"taxonomy":"category","embeddable":true,"href":"https:\/\/www.egemtv.com\/index.php?rest_route=%2Fwp%2Fv2%2Fcategories&post=91227"},{"taxonomy":"post_tag","embeddable":true,"href":"https:\/\/www.egemtv.com\/index.php?rest_route=%2Fwp%2Fv2%2Ftags&post=91227"}],"curies":[{"name":"wp","href":"https:\/\/api.w.org\/{rel}","templated":true}]}}