{"id":91224,"date":"2026-03-01T14:54:43","date_gmt":"2026-03-01T11:54:43","guid":{"rendered":"https:\/\/www.egemtv.com\/?p=91224"},"modified":"2026-03-01T14:54:44","modified_gmt":"2026-03-01T11:54:44","slug":"tehlike-arz-eden-dereler-guvenli-hale-getiriliyor","status":"publish","type":"post","link":"https:\/\/www.egemtv.com\/?p=91224","title":{"rendered":"Tehlike arz eden dereler g\u00fcvenli hale getiriliyor"},"content":{"rendered":"<p>Manisa Su ve Kanalizasyon \u0130daresi (MASK\u0130), can ve mal g\u00fcvenli\u011fini sa\u011flamak amac\u0131yla Demirci il\u00e7esine ba\u011fl\u0131 Yi\u011fitler Mahallesi\u2019nden ge\u00e7en ve tehlike arz eden derede korkuluk yap\u0131m \u00e7al\u0131\u015fmalar\u0131na ba\u015flad\u0131.<br \/>\n<br \/>MASK\u0130 Genel M\u00fcd\u00fcrl\u00fc\u011f\u00fc, hayata ge\u00e7irdi\u011fi \u00e7al\u0131\u015fmalarla yerle\u015fim merkezlerini daha g\u00fcvenli ve konforlu hale getirmeye devam ediyor. \u00d6zellikle dere yataklar\u0131, sulama ve ya\u011fmur suyu kanallar\u0131 gibi tehlike arz eden noktalarda korkuluk \u00e7al\u0131\u015fmalar\u0131n\u0131 s\u00fcrd\u00fcren MASK\u0130, Demirci il\u00e7esi Yi\u011fitler Mahallesi\u2019nden ge\u00e7en derede 300 metrelik korkuluk imalat\u0131 \u00e7al\u0131\u015fmalar\u0131na ba\u015flad\u0131.<br \/>\n<br \/>\u00c7evre Koruma ve Kontrol Dairesi Ba\u015fkan\u0131 Recep G\u00fcnay, y\u00fcr\u00fct\u00fclen \u00e7al\u0131\u015fmalarla ilgili yapt\u0131\u011f\u0131 a\u00e7\u0131klamalarda, &#8220;MASK\u0130 Genel M\u00fcd\u00fcrl\u00fc\u011f\u00fc olarak, il genelinde yapt\u0131\u011f\u0131m\u0131z saha incelemeleri ile riskli alanlar\u0131 tespit ediyor, yapt\u0131\u011f\u0131m\u0131z korkuluk imalatlar\u0131 ile g\u00fcvenlik \u00f6nlemi \u00e7al\u0131\u015fmalar\u0131m\u0131z\u0131 s\u00fcrd\u00fcr\u00fcyoruz. Demirci il\u00e7esi Yi\u011fitler Mahallesi i\u00e7erisinden ge\u00e7en ve tehlike arz etti\u011fini d\u00fc\u015f\u00fcnd\u00fc\u011f\u00fcm\u00fcz deremizin korkuluk yap\u0131m \u00e7al\u0131\u015fmalar\u0131na ba\u015flad\u0131k. Hay\u0131rl\u0131s\u0131yla \u00e7al\u0131\u015fmalar\u0131 en k\u0131sa s\u00fcre i\u00e7erisinde tamamlayarak deremizi g\u00fcvenli hale getirece\u011fiz&#8221; diye konu\u015ftu.<br \/>\n<br \/>Derede g\u00fcvenlik \u00f6nlemlerinin al\u0131nmas\u0131 i\u00e7in daha \u00f6nce ba\u015fvurularda belirten Yi\u011fitler Mahalle Muhtar\u0131 Hayrettin Karakaya, &#8220;Mahallemiz i\u00e7erisinden ge\u00e7en deremizin tehlike olu\u015fturmas\u0131ndan \u00f6t\u00fcr\u00fc gerekli yerlere taleplerimizi iletmi\u015ftik. Sa\u011f olsun Manisa B\u00fcy\u00fck\u015fehir Belediyesi ve MASK\u0130 ekipleri talebimize duyars\u0131z kalmad\u0131 ve \u00e7al\u0131\u015fmalara ba\u015flad\u0131. \u00c7al\u0131\u015fmalar h\u0131zla ilerliyor, tehlike olu\u015fturan deremiz g\u00fcvenli hale getiriliyor. Art\u0131k mahalle sakinlerimiz tedirgin olmayacak. Manisa B\u00fcy\u00fck\u015fehir Belediye Ba\u015fkan\u0131m\u0131z Besim Dutlu ba\u015fta olmak \u00fczere eme\u011fi ge\u00e7enlere \u00e7ok te\u015fekk\u00fcr ediyorum&#8221; dedi.<br \/><\/p>\n","protected":false},"excerpt":{"rendered":"<p>Manisa Su ve Kanalizasyon \u0130daresi (MASK\u0130), can ve mal g\u00fcvenli\u011fini sa\u011flamak amac\u0131yla Demirci il\u00e7esine ba\u011fl\u0131 Yi\u011fitler Mahallesi\u2019nden ge\u00e7en ve tehlike arz eden derede korkuluk yap\u0131m \u00e7al\u0131\u015fmalar\u0131na ba\u015flad\u0131. MASK\u0130 Genel M\u00fcd\u00fcrl\u00fc\u011f\u00fc, hayata ge\u00e7irdi\u011fi \u00e7al\u0131\u015fmalarla yerle\u015fim merkezlerini daha g\u00fcvenli ve konforlu hale getirmeye devam ediyor. \u00d6zellikle dere yataklar\u0131, sulama ve ya\u011fmur suyu kanallar\u0131 gibi tehlike arz eden&#8230;<\/p>\n","protected":false},"author":1,"featured_media":91225,"comment_status":"open","ping_status":"open","sticky":false,"template":"","format":"standard","meta":{"_crdt_document":"","footnotes":""},"categories":[1],"tags":[],"class_list":["post-91224","post","type-post","status-publish","format-standard","has-post-thumbnail","hentry","category-guncel"],"_links":{"self":[{"href":"https:\/\/www.egemtv.com\/index.php?rest_route=\/wp\/v2\/posts\/91224","targetHints":{"allow":["GET"]}}],"collection":[{"href":"https:\/\/www.egemtv.com\/index.php?rest_route=\/wp\/v2\/posts"}],"about":[{"href":"https:\/\/www.egemtv.com\/index.php?rest_route=\/wp\/v2\/types\/post"}],"author":[{"embeddable":true,"href":"https:\/\/www.egemtv.com\/index.php?rest_route=\/wp\/v2\/users\/1"}],"replies":[{"embeddable":true,"href":"https:\/\/www.egemtv.com\/index.php?rest_route=%2Fwp%2Fv2%2Fcomments&post=91224"}],"version-history":[{"count":1,"href":"https:\/\/www.egemtv.com\/index.php?rest_route=\/wp\/v2\/posts\/91224\/revisions"}],"predecessor-version":[{"id":91226,"href":"https:\/\/www.egemtv.com\/index.php?rest_route=\/wp\/v2\/posts\/91224\/revisions\/91226"}],"wp:featuredmedia":[{"embeddable":true,"href":"https:\/\/www.egemtv.com\/index.php?rest_route=\/wp\/v2\/media\/91225"}],"wp:attachment":[{"href":"https:\/\/www.egemtv.com\/index.php?rest_route=%2Fwp%2Fv2%2Fmedia&parent=91224"}],"wp:term":[{"taxonomy":"category","embeddable":true,"href":"https:\/\/www.egemtv.com\/index.php?rest_route=%2Fwp%2Fv2%2Fcategories&post=91224"},{"taxonomy":"post_tag","embeddable":true,"href":"https:\/\/www.egemtv.com\/index.php?rest_route=%2Fwp%2Fv2%2Ftags&post=91224"}],"curies":[{"name":"wp","href":"https:\/\/api.w.org\/{rel}","templated":true}]}}