{"id":91221,"date":"2026-03-01T14:54:42","date_gmt":"2026-03-01T11:54:42","guid":{"rendered":"https:\/\/www.egemtv.com\/?p=91221"},"modified":"2026-03-01T14:54:43","modified_gmt":"2026-03-01T11:54:43","slug":"turk-kizilay-ve-yunusemre-belediyesinden-1000-kisilik-iftar","status":"publish","type":"post","link":"https:\/\/www.egemtv.com\/?p=91221","title":{"rendered":"T\u00fcrk K\u0131z\u0131lay ve Yunusemre Belediyesi\u2019nden 1000 ki\u015filik iftar"},"content":{"rendered":"<p>Manisa\u2019da T\u00fcrk K\u0131z\u0131lay ve Yunusemre Belediyesi i\u015f birli\u011fiyle 100. Y\u0131l Meydan\u0131\u2019nda kurulan iftar sofras\u0131nda 1000 ki\u015fi bir araya gelirken, Ramazan boyunca farkl\u0131 noktalarda benzer organizasyonlar\u0131n s\u00fcrece\u011fi bildirildi.<br \/>\n<br \/>T\u00fcrk K\u0131z\u0131lay Manisa \u0130l Merkezi Ba\u015fkanl\u0131\u011f\u0131 taraf\u0131ndan, Yunusemre Belediyesi i\u015f birli\u011fiyle 100. Y\u0131l Meydan\u0131\u2019nda 1000 ki\u015filik iftar program\u0131 d\u00fczenlendi.<br \/>\n<br \/>K\u0131z\u0131lay taraf\u0131ndan kurulan \u00e7ad\u0131rlarla ger\u00e7ekle\u015ftirilen iftar yeme\u011fine vatanda\u015flar yo\u011fun ilgi g\u00f6sterdi.<br \/>\n<br \/>Yunusemre Belediyesi\u2019nin, Ramazan ay\u0131 boyunca d\u00fczenleyece\u011fi iftar programlar\u0131 i\u00e7in de K\u0131z\u0131lay taraf\u0131ndan \u00e7ad\u0131r deste\u011finde bulunulacak.<br \/>\n<br \/>T\u00fcrk K\u0131z\u0131lay Manisa \u0130l Merkezi Ba\u015fkan\u0131 \u00d6ner G\u00fcrsel, yapt\u0131\u011f\u0131 a\u00e7\u0131klamada, Ramazan ay\u0131n\u0131n payla\u015fma ve dayan\u0131\u015fma ay\u0131 oldu\u011funu belirterek, &#8220;K\u0131z\u0131lay olarak kamu kurumlar\u0131m\u0131zla i\u015f birli\u011fi i\u00e7inde vatanda\u015flar\u0131m\u0131zla ayn\u0131 sofray\u0131 payla\u015fman\u0131n mutlulu\u011funu ya\u015f\u0131yoruz. Ramazan boyunca destek \u00e7al\u0131\u015fmalar\u0131m\u0131z s\u00fcrecek.&#8221; ifadelerini kulland\u0131.<br \/>\n<br \/>Programa, Yunusemre Belediye Ba\u015fkan\u0131 Semih Balaban, T\u00fcrk K\u0131z\u0131lay Genel Merkez Denetim Kurulu \u00dcyesi Selman Keresteci, T\u00fcrk K\u0131z\u0131lay Manisa \u0130l Merkezi Ba\u015fkan\u0131 \u00d6ner G\u00fcrsel ve vatanda\u015flar kat\u0131ld\u0131.<br \/><\/p>\n","protected":false},"excerpt":{"rendered":"<p>Manisa\u2019da T\u00fcrk K\u0131z\u0131lay ve Yunusemre Belediyesi i\u015f birli\u011fiyle 100. Y\u0131l Meydan\u0131\u2019nda kurulan iftar sofras\u0131nda 1000 ki\u015fi bir araya gelirken, Ramazan boyunca farkl\u0131 noktalarda benzer organizasyonlar\u0131n s\u00fcrece\u011fi bildirildi. T\u00fcrk K\u0131z\u0131lay Manisa \u0130l Merkezi Ba\u015fkanl\u0131\u011f\u0131 taraf\u0131ndan, Yunusemre Belediyesi i\u015f birli\u011fiyle 100. Y\u0131l Meydan\u0131\u2019nda 1000 ki\u015filik iftar program\u0131 d\u00fczenlendi. K\u0131z\u0131lay taraf\u0131ndan kurulan \u00e7ad\u0131rlarla ger\u00e7ekle\u015ftirilen iftar yeme\u011fine vatanda\u015flar yo\u011fun&#8230;<\/p>\n","protected":false},"author":1,"featured_media":91222,"comment_status":"open","ping_status":"open","sticky":false,"template":"","format":"standard","meta":{"_crdt_document":"","footnotes":""},"categories":[123],"tags":[],"class_list":["post-91221","post","type-post","status-publish","format-standard","has-post-thumbnail","hentry","category-gundem"],"_links":{"self":[{"href":"https:\/\/www.egemtv.com\/index.php?rest_route=\/wp\/v2\/posts\/91221","targetHints":{"allow":["GET"]}}],"collection":[{"href":"https:\/\/www.egemtv.com\/index.php?rest_route=\/wp\/v2\/posts"}],"about":[{"href":"https:\/\/www.egemtv.com\/index.php?rest_route=\/wp\/v2\/types\/post"}],"author":[{"embeddable":true,"href":"https:\/\/www.egemtv.com\/index.php?rest_route=\/wp\/v2\/users\/1"}],"replies":[{"embeddable":true,"href":"https:\/\/www.egemtv.com\/index.php?rest_route=%2Fwp%2Fv2%2Fcomments&post=91221"}],"version-history":[{"count":1,"href":"https:\/\/www.egemtv.com\/index.php?rest_route=\/wp\/v2\/posts\/91221\/revisions"}],"predecessor-version":[{"id":91223,"href":"https:\/\/www.egemtv.com\/index.php?rest_route=\/wp\/v2\/posts\/91221\/revisions\/91223"}],"wp:featuredmedia":[{"embeddable":true,"href":"https:\/\/www.egemtv.com\/index.php?rest_route=\/wp\/v2\/media\/91222"}],"wp:attachment":[{"href":"https:\/\/www.egemtv.com\/index.php?rest_route=%2Fwp%2Fv2%2Fmedia&parent=91221"}],"wp:term":[{"taxonomy":"category","embeddable":true,"href":"https:\/\/www.egemtv.com\/index.php?rest_route=%2Fwp%2Fv2%2Fcategories&post=91221"},{"taxonomy":"post_tag","embeddable":true,"href":"https:\/\/www.egemtv.com\/index.php?rest_route=%2Fwp%2Fv2%2Ftags&post=91221"}],"curies":[{"name":"wp","href":"https:\/\/api.w.org\/{rel}","templated":true}]}}