{"id":91218,"date":"2026-03-01T14:14:42","date_gmt":"2026-03-01T11:14:42","guid":{"rendered":"https:\/\/www.egemtv.com\/?p=91218"},"modified":"2026-03-01T14:14:43","modified_gmt":"2026-03-01T11:14:43","slug":"germencikte-spor-kurslari-cocuklara-enerji-katiyor","status":"publish","type":"post","link":"https:\/\/www.egemtv.com\/?p=91218","title":{"rendered":"Germencik\u2019te spor kurslar\u0131 \u00e7ocuklara enerji kat\u0131yor"},"content":{"rendered":"<p>Ayd\u0131n\u2019\u0131n Germencik il\u00e7esinde \u00e7ocuklar, k\u00fclt\u00fcr merkezlerinde d\u00fczenlenen cimnastik ve karate kurslar\u0131 ile enerjilerini y\u00f6nlendirme f\u0131rsat\u0131 buluyor.<\/p>\n<p>Germencik Belediyesi k\u00fclt\u00fcr merkezlerinde d\u00fczenlenen kurslar sayesinde hem fiziksel olarak g\u00fc\u00e7leniyor hem de disiplin, \u00f6zg\u00fcven ve sosyal becerilerini geli\u015ftiriyor. Germencik Belediye Ba\u015fkan\u0131 Burak Zencirci \u00e7ocuklar\u0131n hem bedensel hem de zihinsel geli\u015fimlerine katk\u0131 sa\u011flamak amac\u0131yla kurslar\u0131n devam etti\u011fini belirtti. Ba\u015fkan Zencirci, &#8220;G\u00fc\u00e7l\u00fc zihinler, sa\u011fl\u0131kl\u0131 bedenler. K\u00fclt\u00fcr merkezlerimizde uzman e\u011fitmenlerimiz e\u015fli\u011finde devam eden cimnastik ve karate kurslar\u0131m\u0131z ile \u00e7ocuklar\u0131m\u0131z\u0131n enerjisini en g\u00fczel \u015fekilde y\u00f6nlendirmeye devam ediyoruz&#8221; ifadelerini kulland\u0131.<br \/><\/p>\n","protected":false},"excerpt":{"rendered":"<p>Ayd\u0131n\u2019\u0131n Germencik il\u00e7esinde \u00e7ocuklar, k\u00fclt\u00fcr merkezlerinde d\u00fczenlenen cimnastik ve karate kurslar\u0131 ile enerjilerini y\u00f6nlendirme f\u0131rsat\u0131 buluyor. Germencik Belediyesi k\u00fclt\u00fcr merkezlerinde d\u00fczenlenen kurslar sayesinde hem fiziksel olarak g\u00fc\u00e7leniyor hem de disiplin, \u00f6zg\u00fcven ve sosyal becerilerini geli\u015ftiriyor. Germencik Belediye Ba\u015fkan\u0131 Burak Zencirci \u00e7ocuklar\u0131n hem bedensel hem de zihinsel geli\u015fimlerine katk\u0131 sa\u011flamak amac\u0131yla kurslar\u0131n devam etti\u011fini belirtti. Ba\u015fkan&#8230;<\/p>\n","protected":false},"author":1,"featured_media":91219,"comment_status":"open","ping_status":"open","sticky":false,"template":"","format":"standard","meta":{"_crdt_document":"","footnotes":""},"categories":[1],"tags":[],"class_list":["post-91218","post","type-post","status-publish","format-standard","has-post-thumbnail","hentry","category-guncel"],"_links":{"self":[{"href":"https:\/\/www.egemtv.com\/index.php?rest_route=\/wp\/v2\/posts\/91218","targetHints":{"allow":["GET"]}}],"collection":[{"href":"https:\/\/www.egemtv.com\/index.php?rest_route=\/wp\/v2\/posts"}],"about":[{"href":"https:\/\/www.egemtv.com\/index.php?rest_route=\/wp\/v2\/types\/post"}],"author":[{"embeddable":true,"href":"https:\/\/www.egemtv.com\/index.php?rest_route=\/wp\/v2\/users\/1"}],"replies":[{"embeddable":true,"href":"https:\/\/www.egemtv.com\/index.php?rest_route=%2Fwp%2Fv2%2Fcomments&post=91218"}],"version-history":[{"count":1,"href":"https:\/\/www.egemtv.com\/index.php?rest_route=\/wp\/v2\/posts\/91218\/revisions"}],"predecessor-version":[{"id":91220,"href":"https:\/\/www.egemtv.com\/index.php?rest_route=\/wp\/v2\/posts\/91218\/revisions\/91220"}],"wp:featuredmedia":[{"embeddable":true,"href":"https:\/\/www.egemtv.com\/index.php?rest_route=\/wp\/v2\/media\/91219"}],"wp:attachment":[{"href":"https:\/\/www.egemtv.com\/index.php?rest_route=%2Fwp%2Fv2%2Fmedia&parent=91218"}],"wp:term":[{"taxonomy":"category","embeddable":true,"href":"https:\/\/www.egemtv.com\/index.php?rest_route=%2Fwp%2Fv2%2Fcategories&post=91218"},{"taxonomy":"post_tag","embeddable":true,"href":"https:\/\/www.egemtv.com\/index.php?rest_route=%2Fwp%2Fv2%2Ftags&post=91218"}],"curies":[{"name":"wp","href":"https:\/\/api.w.org\/{rel}","templated":true}]}}