{"id":91215,"date":"2026-03-01T13:55:07","date_gmt":"2026-03-01T10:55:07","guid":{"rendered":"https:\/\/www.egemtv.com\/?p=91215"},"modified":"2026-03-01T13:55:09","modified_gmt":"2026-03-01T10:55:09","slug":"yolcu-otobusunde-seyahat-eden-2-sahis-uyusturucu-ile-yakalandi","status":"publish","type":"post","link":"https:\/\/www.egemtv.com\/?p=91215","title":{"rendered":"Yolcu otob\u00fcs\u00fcnde seyahat eden 2 \u015fah\u0131s uyu\u015fturucu ile yakaland\u0131"},"content":{"rendered":"<p>Afyonkarahisar\u2019da polis taraf\u0131ndan durdurulan yolcu otob\u00fcs\u00fcnde seyahat eden 2 \u015fahs\u0131n \u00fczerinde  660 adet uyu\u015fturucu hap ele ge\u00e7irildi.<br \/>\n<br \/>Edinilen bilgilere g\u00f6re, kent giri\u015finde ger\u00e7ekle\u015ftirilen asayi\u015f ve trafik kontrol\u00fcn\u00fcn yap\u0131ld\u0131\u011f\u0131 uygulama noktas\u0131nda durdurulan bir otob\u00fcste kimlik sorgulamas\u0131 yap\u0131ld\u0131 esnada bir \u015fahs\u0131n \u015f\u00fcpheli hareketlerini de bulunmas\u0131ndan ku\u015fkulanan polis ekipleri \u015f\u00fcphelilerin \u00fczerini arad\u0131. Aramada \u015fah\u0131slar\u0131n \u00fcst\u00fcnde 660 adet uyu\u015fturucu hap ele ge\u00e7irildi. Olay\u0131n ard\u0131ndan H.K. ve E.U., isimli \u015fah\u0131slar g\u00f6zalt\u0131na al\u0131nd\u0131. \u015eah\u0131slardan H.K., hakk\u0131nda adli i\u015flem yap\u0131l\u0131rken, E.U., ise uyu\u015fturucu madde ticareti yapma su\u00e7lamas\u0131yla adliyeye sevk edildi. \u015eah\u0131s ard\u0131ndan \u00e7\u0131kar\u0131ld\u0131\u011f\u0131 mahkeme taraf\u0131ndan tutuklanarak cezaevine g\u00f6nderildi.<br \/><\/p>\n","protected":false},"excerpt":{"rendered":"<p>Afyonkarahisar\u2019da polis taraf\u0131ndan durdurulan yolcu otob\u00fcs\u00fcnde seyahat eden 2 \u015fahs\u0131n \u00fczerinde 660 adet uyu\u015fturucu hap ele ge\u00e7irildi. Edinilen bilgilere g\u00f6re, kent giri\u015finde ger\u00e7ekle\u015ftirilen asayi\u015f ve trafik kontrol\u00fcn\u00fcn yap\u0131ld\u0131\u011f\u0131 uygulama noktas\u0131nda durdurulan bir otob\u00fcste kimlik sorgulamas\u0131 yap\u0131ld\u0131 esnada bir \u015fahs\u0131n \u015f\u00fcpheli hareketlerini de bulunmas\u0131ndan ku\u015fkulanan polis ekipleri \u015f\u00fcphelilerin \u00fczerini arad\u0131. Aramada \u015fah\u0131slar\u0131n \u00fcst\u00fcnde 660 adet uyu\u015fturucu&#8230;<\/p>\n","protected":false},"author":1,"featured_media":91216,"comment_status":"open","ping_status":"open","sticky":false,"template":"","format":"standard","meta":{"_crdt_document":"","footnotes":""},"categories":[5],"tags":[],"class_list":["post-91215","post","type-post","status-publish","format-standard","has-post-thumbnail","hentry","category-asayis"],"_links":{"self":[{"href":"https:\/\/www.egemtv.com\/index.php?rest_route=\/wp\/v2\/posts\/91215","targetHints":{"allow":["GET"]}}],"collection":[{"href":"https:\/\/www.egemtv.com\/index.php?rest_route=\/wp\/v2\/posts"}],"about":[{"href":"https:\/\/www.egemtv.com\/index.php?rest_route=\/wp\/v2\/types\/post"}],"author":[{"embeddable":true,"href":"https:\/\/www.egemtv.com\/index.php?rest_route=\/wp\/v2\/users\/1"}],"replies":[{"embeddable":true,"href":"https:\/\/www.egemtv.com\/index.php?rest_route=%2Fwp%2Fv2%2Fcomments&post=91215"}],"version-history":[{"count":1,"href":"https:\/\/www.egemtv.com\/index.php?rest_route=\/wp\/v2\/posts\/91215\/revisions"}],"predecessor-version":[{"id":91217,"href":"https:\/\/www.egemtv.com\/index.php?rest_route=\/wp\/v2\/posts\/91215\/revisions\/91217"}],"wp:featuredmedia":[{"embeddable":true,"href":"https:\/\/www.egemtv.com\/index.php?rest_route=\/wp\/v2\/media\/91216"}],"wp:attachment":[{"href":"https:\/\/www.egemtv.com\/index.php?rest_route=%2Fwp%2Fv2%2Fmedia&parent=91215"}],"wp:term":[{"taxonomy":"category","embeddable":true,"href":"https:\/\/www.egemtv.com\/index.php?rest_route=%2Fwp%2Fv2%2Fcategories&post=91215"},{"taxonomy":"post_tag","embeddable":true,"href":"https:\/\/www.egemtv.com\/index.php?rest_route=%2Fwp%2Fv2%2Ftags&post=91215"}],"curies":[{"name":"wp","href":"https:\/\/api.w.org\/{rel}","templated":true}]}}