{"id":91212,"date":"2026-03-01T13:34:55","date_gmt":"2026-03-01T10:34:55","guid":{"rendered":"https:\/\/www.egemtv.com\/?p=91212"},"modified":"2026-03-01T13:34:56","modified_gmt":"2026-03-01T10:34:56","slug":"kaymakam-keklik-kusadasinda-ogrencilerle-iftarda-bulustu","status":"publish","type":"post","link":"https:\/\/www.egemtv.com\/?p=91212","title":{"rendered":"Kaymakam Keklik, Ku\u015fadas\u0131\u2019nda \u00f6\u011frencilerle iftarda bulu\u015ftu"},"content":{"rendered":"<p>Ayd\u0131n\u2019\u0131n Ku\u015fadas\u0131 il\u00e7esinde Kaymakam \u0130brahim Keklik, lise \u00f6\u011frencileri ile birlikte iftar yapt\u0131.<\/p>\n<p>Ramazan ay\u0131 ile birlikte iftar programlar\u0131 d\u00fczenlenmeye devam ediyor.  Ay\u015f\u0131l-O\u011fuz Ba\u015f\u00f6z Mesleki ve Teknik Anadolu Lisesi taraf\u0131ndan d\u00fczenlenen iftar yeme\u011fine kat\u0131lan Ku\u015fadas\u0131 Kaymakam\u0131 \u0130brahim Keklik, \u00f6\u011frencilerle bir araya geldi.<br \/>\n<br \/>Ku\u015fadas\u0131 Kaymakaml\u0131\u011f\u0131\u2019ndan yap\u0131lan a\u00e7\u0131klamada, &#8220;Kaymakam\u0131m\u0131z \u0130brahim Keklik ve e\u015fi, A.O. Ba\u015f\u00f6z MTAL\u2019n\u0131n d\u00fczenlemi\u015f oldu\u011fu iftar program\u0131na kat\u0131ld\u0131lar. Ramazan\u2019\u0131n birlik ve beraberlik ruhunu ya\u015fatan bu bulu\u015fmada \u00f6\u011frencilerimiz, \u00f6\u011fretmenlerimiz ve davetlilerle ayn\u0131 sofray\u0131 payla\u015fman\u0131n mutlulu\u011fu ya\u015fand\u0131&#8221; denildi.<br \/><\/p>\n","protected":false},"excerpt":{"rendered":"<p>Ayd\u0131n\u2019\u0131n Ku\u015fadas\u0131 il\u00e7esinde Kaymakam \u0130brahim Keklik, lise \u00f6\u011frencileri ile birlikte iftar yapt\u0131. Ramazan ay\u0131 ile birlikte iftar programlar\u0131 d\u00fczenlenmeye devam ediyor. Ay\u015f\u0131l-O\u011fuz Ba\u015f\u00f6z Mesleki ve Teknik Anadolu Lisesi taraf\u0131ndan d\u00fczenlenen iftar yeme\u011fine kat\u0131lan Ku\u015fadas\u0131 Kaymakam\u0131 \u0130brahim Keklik, \u00f6\u011frencilerle bir araya geldi. Ku\u015fadas\u0131 Kaymakaml\u0131\u011f\u0131\u2019ndan yap\u0131lan a\u00e7\u0131klamada, &#8220;Kaymakam\u0131m\u0131z \u0130brahim Keklik ve e\u015fi, A.O. Ba\u015f\u00f6z MTAL\u2019n\u0131n d\u00fczenlemi\u015f oldu\u011fu&#8230;<\/p>\n","protected":false},"author":1,"featured_media":91213,"comment_status":"open","ping_status":"open","sticky":false,"template":"","format":"standard","meta":{"_crdt_document":"","footnotes":""},"categories":[5],"tags":[],"class_list":["post-91212","post","type-post","status-publish","format-standard","has-post-thumbnail","hentry","category-asayis"],"_links":{"self":[{"href":"https:\/\/www.egemtv.com\/index.php?rest_route=\/wp\/v2\/posts\/91212","targetHints":{"allow":["GET"]}}],"collection":[{"href":"https:\/\/www.egemtv.com\/index.php?rest_route=\/wp\/v2\/posts"}],"about":[{"href":"https:\/\/www.egemtv.com\/index.php?rest_route=\/wp\/v2\/types\/post"}],"author":[{"embeddable":true,"href":"https:\/\/www.egemtv.com\/index.php?rest_route=\/wp\/v2\/users\/1"}],"replies":[{"embeddable":true,"href":"https:\/\/www.egemtv.com\/index.php?rest_route=%2Fwp%2Fv2%2Fcomments&post=91212"}],"version-history":[{"count":1,"href":"https:\/\/www.egemtv.com\/index.php?rest_route=\/wp\/v2\/posts\/91212\/revisions"}],"predecessor-version":[{"id":91214,"href":"https:\/\/www.egemtv.com\/index.php?rest_route=\/wp\/v2\/posts\/91212\/revisions\/91214"}],"wp:featuredmedia":[{"embeddable":true,"href":"https:\/\/www.egemtv.com\/index.php?rest_route=\/wp\/v2\/media\/91213"}],"wp:attachment":[{"href":"https:\/\/www.egemtv.com\/index.php?rest_route=%2Fwp%2Fv2%2Fmedia&parent=91212"}],"wp:term":[{"taxonomy":"category","embeddable":true,"href":"https:\/\/www.egemtv.com\/index.php?rest_route=%2Fwp%2Fv2%2Fcategories&post=91212"},{"taxonomy":"post_tag","embeddable":true,"href":"https:\/\/www.egemtv.com\/index.php?rest_route=%2Fwp%2Fv2%2Ftags&post=91212"}],"curies":[{"name":"wp","href":"https:\/\/api.w.org\/{rel}","templated":true}]}}