{"id":91209,"date":"2026-03-01T13:14:50","date_gmt":"2026-03-01T10:14:50","guid":{"rendered":"https:\/\/www.egemtv.com\/?p=91209"},"modified":"2026-03-01T13:14:51","modified_gmt":"2026-03-01T10:14:51","slug":"kaymakam-dalak-ogrencilerle-eski-ramazan-geleneklerini-yasadi","status":"publish","type":"post","link":"https:\/\/www.egemtv.com\/?p=91209","title":{"rendered":"Kaymakam Dalak \u00f6\u011frencilerle eski Ramazan geleneklerini ya\u015fad\u0131"},"content":{"rendered":"<p>Sar\u0131g\u00f6l Kaymakam\u0131 Halil Dalak ve e\u015fi, KYK yurdunda \u00f6\u011frencilerle d\u00fczenlenen etkinlikte geleneksel Ramazan lezzetlerini tadarak eski Ramazan k\u00fclt\u00fcr\u00fcn\u00fc birlikte ya\u015fad\u0131.<br \/>\n<br \/>Sar\u0131g\u00f6l Kaymakam\u0131 Halil Dalak ve e\u015fi Ayfer Dalak, Sar\u0131g\u00f6l KYK Yurt M\u00fcd\u00fcrl\u00fc\u011f\u00fc b\u00fcnyesindeki \u00f6\u011frencilerle birlikte d\u00fczenlenen Ramazan temal\u0131 etkinli\u011fe kat\u0131ld\u0131. Etkinlikte \u00f6\u011frenciler, eski Ramazan g\u00fcnlerini ya\u015fatmak amac\u0131yla el yap\u0131m\u0131 macun \u015fekeri, pamuk helva ve \u015ferbet haz\u0131rlayarak Kaymakam Dalak ve e\u015fine ikram etti. Geleneksel lezzetlerle renklenen programda \u00f6\u011frenciler hem e\u011flendi hem de ge\u00e7mi\u015f Ramazan k\u00fclt\u00fcr\u00fcn\u00fc yak\u0131ndan tan\u0131ma f\u0131rsat\u0131 buldu.<br \/>\n<br \/>\u00d6\u011frencilerle sohbet eden Kaymakam Halil Dalak, eski Ramazan an\u0131lar\u0131n\u0131n ya\u015fat\u0131lmas\u0131n\u0131n \u00f6nemine de\u011finerek gen\u00e7lerle keyifli bir sohbet ger\u00e7ekle\u015ftirdi. Program, kat\u0131l\u0131mc\u0131lar\u0131n birlikte iftar yapmas\u0131yla devam etti.<br \/>\n<br \/>Sar\u0131g\u00f6l \u0130l\u00e7e Gen\u00e7lik ve Spor M\u00fcd\u00fcr\u00fc G\u00f6khan Y\u0131ld\u0131r\u0131m ise etkinli\u011fe ili\u015fkin yapt\u0131\u011f\u0131 a\u00e7\u0131klamada, &#8220;Sar\u0131g\u00f6l KYK K\u0131z Yurdunda geleneksel Ramazan g\u00fcnlerinde yap\u0131lan tatl\u0131larla s\u00fcsledi\u011fimiz iftar program\u0131m\u0131z\u0131 ger\u00e7ekle\u015ftirdik. Eme\u011fi ge\u00e7en herkese te\u015fekk\u00fcr ederiz.&#8221; dedi.<br \/><\/p>\n","protected":false},"excerpt":{"rendered":"<p>Sar\u0131g\u00f6l Kaymakam\u0131 Halil Dalak ve e\u015fi, KYK yurdunda \u00f6\u011frencilerle d\u00fczenlenen etkinlikte geleneksel Ramazan lezzetlerini tadarak eski Ramazan k\u00fclt\u00fcr\u00fcn\u00fc birlikte ya\u015fad\u0131. Sar\u0131g\u00f6l Kaymakam\u0131 Halil Dalak ve e\u015fi Ayfer Dalak, Sar\u0131g\u00f6l KYK Yurt M\u00fcd\u00fcrl\u00fc\u011f\u00fc b\u00fcnyesindeki \u00f6\u011frencilerle birlikte d\u00fczenlenen Ramazan temal\u0131 etkinli\u011fe kat\u0131ld\u0131. Etkinlikte \u00f6\u011frenciler, eski Ramazan g\u00fcnlerini ya\u015fatmak amac\u0131yla el yap\u0131m\u0131 macun \u015fekeri, pamuk helva ve \u015ferbet&#8230;<\/p>\n","protected":false},"author":1,"featured_media":91210,"comment_status":"open","ping_status":"open","sticky":false,"template":"","format":"standard","meta":{"_crdt_document":"","footnotes":""},"categories":[1],"tags":[],"class_list":["post-91209","post","type-post","status-publish","format-standard","has-post-thumbnail","hentry","category-guncel"],"_links":{"self":[{"href":"https:\/\/www.egemtv.com\/index.php?rest_route=\/wp\/v2\/posts\/91209","targetHints":{"allow":["GET"]}}],"collection":[{"href":"https:\/\/www.egemtv.com\/index.php?rest_route=\/wp\/v2\/posts"}],"about":[{"href":"https:\/\/www.egemtv.com\/index.php?rest_route=\/wp\/v2\/types\/post"}],"author":[{"embeddable":true,"href":"https:\/\/www.egemtv.com\/index.php?rest_route=\/wp\/v2\/users\/1"}],"replies":[{"embeddable":true,"href":"https:\/\/www.egemtv.com\/index.php?rest_route=%2Fwp%2Fv2%2Fcomments&post=91209"}],"version-history":[{"count":1,"href":"https:\/\/www.egemtv.com\/index.php?rest_route=\/wp\/v2\/posts\/91209\/revisions"}],"predecessor-version":[{"id":91211,"href":"https:\/\/www.egemtv.com\/index.php?rest_route=\/wp\/v2\/posts\/91209\/revisions\/91211"}],"wp:featuredmedia":[{"embeddable":true,"href":"https:\/\/www.egemtv.com\/index.php?rest_route=\/wp\/v2\/media\/91210"}],"wp:attachment":[{"href":"https:\/\/www.egemtv.com\/index.php?rest_route=%2Fwp%2Fv2%2Fmedia&parent=91209"}],"wp:term":[{"taxonomy":"category","embeddable":true,"href":"https:\/\/www.egemtv.com\/index.php?rest_route=%2Fwp%2Fv2%2Fcategories&post=91209"},{"taxonomy":"post_tag","embeddable":true,"href":"https:\/\/www.egemtv.com\/index.php?rest_route=%2Fwp%2Fv2%2Ftags&post=91209"}],"curies":[{"name":"wp","href":"https:\/\/api.w.org\/{rel}","templated":true}]}}