{"id":91206,"date":"2026-03-01T12:55:00","date_gmt":"2026-03-01T09:55:00","guid":{"rendered":"https:\/\/www.egemtv.com\/?p=91206"},"modified":"2026-03-01T12:55:03","modified_gmt":"2026-03-01T09:55:03","slug":"aydin-buyuksehir-belediyesinden-sokede-ramazan-etkinligi","status":"publish","type":"post","link":"https:\/\/www.egemtv.com\/?p=91206","title":{"rendered":"Ayd\u0131n B\u00fcy\u00fck\u015fehir Belediyesi\u2019nden S\u00f6ke\u2019de Ramazan etkinli\u011fi"},"content":{"rendered":"<p>Ayd\u0131n B\u00fcy\u00fck\u015fehir Belediyesi\u2019nin il\u00e7elerde d\u00fczenledi\u011fi Ramazan programlar\u0131n\u0131n bu seferki dura\u011f\u0131 S\u00f6ke oldu. \u0130ftar\u0131n ard\u0131ndan d\u00fczenlenen etkinliklerde \u00e7ocuklar e\u011flenirken, aileler nostaljik Ramazan ak\u015fam\u0131 ya\u015fad\u0131.<\/p>\n<p>Ayd\u0131n B\u00fcy\u00fck\u015fehir Belediyesi\u2019nin Ramazan ay\u0131 boyunca Ayd\u0131n\u2019\u0131n d\u00f6rt bir yan\u0131nda ger\u00e7ekle\u015ftirdi\u011fi etkinlikler her ya\u015ftan vatanda\u015fla bulu\u015fmaya devam ediyor. Ramazan etkinliklerinin son adresi S\u00f6ke il\u00e7esi oldu. B\u00fcy\u00fck\u015fehir Belediyesi taraf\u0131ndan d\u00fczenlenen iftar program\u0131n\u0131n ard\u0131ndan ger\u00e7ekle\u015ftirilen etkinlikler, her ya\u015ftan vatanda\u015f\u0131n yo\u011fun kat\u0131l\u0131m\u0131yla renkli g\u00f6r\u00fcnt\u00fclere sahne oldu.<\/p>\n<p>Etkinlikte sahnelenen Hacivat-Karag\u00f6z oyunlar\u0131, meddah anlat\u0131lar\u0131 ile A\u015fuk ile Ma\u015fuk g\u00f6sterileri izleyenlerden b\u00fcy\u00fck be\u011feni toplad\u0131. Jongl\u00f6r ve ill\u00fczyonist performanslar\u0131 \u00e7ocuklara e\u011flence dolu anlar ya\u015fat\u0131rken, kurulan oyun alanlar\u0131 miniklerin ne\u015fesiyle dolup ta\u015ft\u0131. Sahne etkinlikleriyle Ramazan sevincini doyas\u0131ya ya\u015fayan \u00e7ocuklar, unutulmaz bir ak\u015fam ge\u00e7irdi. Program boyunca vatanda\u015flara Ramazan \u015ferbeti ve Osmanl\u0131 macunu da ikram edildi.<\/p>\n<p>Etkinliklere kat\u0131lan vatanda\u015flar, aileleriyle birlikte keyifli bir Ramazan ak\u015fam\u0131 ya\u015fad\u0131klar\u0131n\u0131 belirterek Ayd\u0131n B\u00fcy\u00fck\u015fehir Belediye Ba\u015fkan\u0131 \u00d6zlem \u00c7er\u00e7io\u011flu\u2019na te\u015fekk\u00fcr etti.<\/p>\n<p>Ramazan etkinlikleri ay boyunca Ayd\u0131nl\u0131larla bulu\u015fmay\u0131 s\u00fcrd\u00fcrecek. K\u00f6\u015fk il\u00e7esinde 2 Mart Pazartesi g\u00fcn\u00fc \u00c7ar\u015f\u0131 Mahallesi Eski Nazilli Caddesi, Sultanhisar il\u00e7esinde 3 Mart Sal\u0131 g\u00fcn\u00fc Belediye Meydan\u0131, \u0130ncirliova il\u00e7esinde 4 Mart \u00c7ar\u015famba g\u00fcn\u00fc Cumhuriyet Meydan\u0131 etkinliklerin adresi olacak. \u0130l\u00e7elerde etkinlikler 18.00 saatinde ba\u015flayacak, 20.15 saatinde sona erecek.<\/p>\n<p>5-15 Mart tarihleri aras\u0131nda e\u011flencenin adresi bir kez daha Fuar Ayd\u0131n olacak, 4 Mart\u2019a kadar ise Efeler il\u00e7esi Mimar Sinan Park\u0131\u2019nda e\u011flenceli ah\u015fap oyun alanlar\u0131, \u015fi\u015fme oyuncaklar ve aktiviteler vatanda\u015flarla bulu\u015facak.<br \/><\/p>\n","protected":false},"excerpt":{"rendered":"<p>Ayd\u0131n B\u00fcy\u00fck\u015fehir Belediyesi\u2019nin il\u00e7elerde d\u00fczenledi\u011fi Ramazan programlar\u0131n\u0131n bu seferki dura\u011f\u0131 S\u00f6ke oldu. \u0130ftar\u0131n ard\u0131ndan d\u00fczenlenen etkinliklerde \u00e7ocuklar e\u011flenirken, aileler nostaljik Ramazan ak\u015fam\u0131 ya\u015fad\u0131. Ayd\u0131n B\u00fcy\u00fck\u015fehir Belediyesi\u2019nin Ramazan ay\u0131 boyunca Ayd\u0131n\u2019\u0131n d\u00f6rt bir yan\u0131nda ger\u00e7ekle\u015ftirdi\u011fi etkinlikler her ya\u015ftan vatanda\u015fla bulu\u015fmaya devam ediyor. Ramazan etkinliklerinin son adresi S\u00f6ke il\u00e7esi oldu. B\u00fcy\u00fck\u015fehir Belediyesi taraf\u0131ndan d\u00fczenlenen iftar program\u0131n\u0131n ard\u0131ndan&#8230;<\/p>\n","protected":false},"author":1,"featured_media":91207,"comment_status":"open","ping_status":"open","sticky":false,"template":"","format":"standard","meta":{"_crdt_document":"","footnotes":""},"categories":[1],"tags":[],"class_list":["post-91206","post","type-post","status-publish","format-standard","has-post-thumbnail","hentry","category-guncel"],"_links":{"self":[{"href":"https:\/\/www.egemtv.com\/index.php?rest_route=\/wp\/v2\/posts\/91206","targetHints":{"allow":["GET"]}}],"collection":[{"href":"https:\/\/www.egemtv.com\/index.php?rest_route=\/wp\/v2\/posts"}],"about":[{"href":"https:\/\/www.egemtv.com\/index.php?rest_route=\/wp\/v2\/types\/post"}],"author":[{"embeddable":true,"href":"https:\/\/www.egemtv.com\/index.php?rest_route=\/wp\/v2\/users\/1"}],"replies":[{"embeddable":true,"href":"https:\/\/www.egemtv.com\/index.php?rest_route=%2Fwp%2Fv2%2Fcomments&post=91206"}],"version-history":[{"count":1,"href":"https:\/\/www.egemtv.com\/index.php?rest_route=\/wp\/v2\/posts\/91206\/revisions"}],"predecessor-version":[{"id":91208,"href":"https:\/\/www.egemtv.com\/index.php?rest_route=\/wp\/v2\/posts\/91206\/revisions\/91208"}],"wp:featuredmedia":[{"embeddable":true,"href":"https:\/\/www.egemtv.com\/index.php?rest_route=\/wp\/v2\/media\/91207"}],"wp:attachment":[{"href":"https:\/\/www.egemtv.com\/index.php?rest_route=%2Fwp%2Fv2%2Fmedia&parent=91206"}],"wp:term":[{"taxonomy":"category","embeddable":true,"href":"https:\/\/www.egemtv.com\/index.php?rest_route=%2Fwp%2Fv2%2Fcategories&post=91206"},{"taxonomy":"post_tag","embeddable":true,"href":"https:\/\/www.egemtv.com\/index.php?rest_route=%2Fwp%2Fv2%2Ftags&post=91206"}],"curies":[{"name":"wp","href":"https:\/\/api.w.org\/{rel}","templated":true}]}}