{"id":91203,"date":"2026-03-01T12:34:51","date_gmt":"2026-03-01T09:34:51","guid":{"rendered":"https:\/\/www.egemtv.com\/?p=91203"},"modified":"2026-03-01T12:34:52","modified_gmt":"2026-03-01T09:34:52","slug":"dondurucu-zirvede-toplanan-kar-yazin-serinleten-lezzete-donusuyor","status":"publish","type":"post","link":"https:\/\/www.egemtv.com\/?p=91203","title":{"rendered":"Dondurucu zirvede toplanan kar, yaz\u0131n serinleten lezzete d\u00f6n\u00fc\u015f\u00fcyor"},"content":{"rendered":"<p>Ayd\u0131n\u2019\u0131n Bozdo\u011fan il\u00e7esinin simgelerinden olan kar helvas\u0131n\u0131n s\u0131rr\u0131 Madran Da\u011f\u0131\u2019n\u0131n zirvesinden gelirken, k\u0131\u015f aylar\u0131nda y\u00fcksek kesimlerde toplanan do\u011fal karlar y\u00fczlerce y\u0131ll\u0131k geleneksel y\u00f6ntemlerle yaz aylar\u0131na haz\u0131rlan\u0131yor.<\/p>\n<p>Bozdo\u011fan il\u00e7esinde Muammer ve Emrah Ba\u015falan karde\u015fler, atalar\u0131ndan kalan dede mesle\u011fini s\u00fcrd\u00fcrerek Madran\u2019\u0131n zirvesinde biriken kar\u0131 zorlu \u015fartlar alt\u0131nda topluyor. El g\u00fcc\u00fcyle \u00e7uvallara bas\u0131lan karlar, i\u015f makineleri yard\u0131m\u0131yla \u00f6zel alanlarda topra\u011f\u0131n alt\u0131na g\u00f6m\u00fclerek muhafaza ediliyor. Bir k\u0131sm\u0131 ise il\u00e7e merkezine indirilerek so\u011fuk hava depolar\u0131nda saklan\u0131yor. Bu y\u00f6ntem sayesinde do\u011fal kar, yaz s\u0131caklar\u0131na kadar korunarak Bozdo\u011fan\u2019\u0131n me\u015fhur kar helvas\u0131n\u0131n yap\u0131m\u0131nda kullan\u0131l\u0131yor. Do\u011fal lezzeti ve serinletici \u00f6zelli\u011fiyle kar helvas\u0131, hem il\u00e7e halk\u0131n\u0131n hem de b\u00f6lgeyi ziyaret edenlerin vazge\u00e7ilmez tatlar\u0131 aras\u0131nda yer al\u0131yor.<\/p>\n<p>Ba\u015falan karde\u015fler, &#8220;Bu i\u015f bizim i\u00e7in sadece ge\u00e7im kayna\u011f\u0131 de\u011fil, atalar\u0131m\u0131za vefa&#8221; diyerek Madran\u2019\u0131n zirvesinden gelen serinli\u011fi gelecek ku\u015faklara ta\u015f\u0131may\u0131 hedeflediklerini belirtti.<br \/><\/p>\n","protected":false},"excerpt":{"rendered":"<p>Ayd\u0131n\u2019\u0131n Bozdo\u011fan il\u00e7esinin simgelerinden olan kar helvas\u0131n\u0131n s\u0131rr\u0131 Madran Da\u011f\u0131\u2019n\u0131n zirvesinden gelirken, k\u0131\u015f aylar\u0131nda y\u00fcksek kesimlerde toplanan do\u011fal karlar y\u00fczlerce y\u0131ll\u0131k geleneksel y\u00f6ntemlerle yaz aylar\u0131na haz\u0131rlan\u0131yor. Bozdo\u011fan il\u00e7esinde Muammer ve Emrah Ba\u015falan karde\u015fler, atalar\u0131ndan kalan dede mesle\u011fini s\u00fcrd\u00fcrerek Madran\u2019\u0131n zirvesinde biriken kar\u0131 zorlu \u015fartlar alt\u0131nda topluyor. El g\u00fcc\u00fcyle \u00e7uvallara bas\u0131lan karlar, i\u015f makineleri yard\u0131m\u0131yla \u00f6zel&#8230;<\/p>\n","protected":false},"author":1,"featured_media":91204,"comment_status":"open","ping_status":"open","sticky":false,"template":"","format":"standard","meta":{"_crdt_document":"","footnotes":""},"categories":[1],"tags":[],"class_list":["post-91203","post","type-post","status-publish","format-standard","has-post-thumbnail","hentry","category-guncel"],"_links":{"self":[{"href":"https:\/\/www.egemtv.com\/index.php?rest_route=\/wp\/v2\/posts\/91203","targetHints":{"allow":["GET"]}}],"collection":[{"href":"https:\/\/www.egemtv.com\/index.php?rest_route=\/wp\/v2\/posts"}],"about":[{"href":"https:\/\/www.egemtv.com\/index.php?rest_route=\/wp\/v2\/types\/post"}],"author":[{"embeddable":true,"href":"https:\/\/www.egemtv.com\/index.php?rest_route=\/wp\/v2\/users\/1"}],"replies":[{"embeddable":true,"href":"https:\/\/www.egemtv.com\/index.php?rest_route=%2Fwp%2Fv2%2Fcomments&post=91203"}],"version-history":[{"count":1,"href":"https:\/\/www.egemtv.com\/index.php?rest_route=\/wp\/v2\/posts\/91203\/revisions"}],"predecessor-version":[{"id":91205,"href":"https:\/\/www.egemtv.com\/index.php?rest_route=\/wp\/v2\/posts\/91203\/revisions\/91205"}],"wp:featuredmedia":[{"embeddable":true,"href":"https:\/\/www.egemtv.com\/index.php?rest_route=\/wp\/v2\/media\/91204"}],"wp:attachment":[{"href":"https:\/\/www.egemtv.com\/index.php?rest_route=%2Fwp%2Fv2%2Fmedia&parent=91203"}],"wp:term":[{"taxonomy":"category","embeddable":true,"href":"https:\/\/www.egemtv.com\/index.php?rest_route=%2Fwp%2Fv2%2Fcategories&post=91203"},{"taxonomy":"post_tag","embeddable":true,"href":"https:\/\/www.egemtv.com\/index.php?rest_route=%2Fwp%2Fv2%2Ftags&post=91203"}],"curies":[{"name":"wp","href":"https:\/\/api.w.org\/{rel}","templated":true}]}}