{"id":91200,"date":"2026-03-01T11:55:32","date_gmt":"2026-03-01T08:55:32","guid":{"rendered":"https:\/\/www.egemtv.com\/?p=91200"},"modified":"2026-03-01T11:55:33","modified_gmt":"2026-03-01T08:55:33","slug":"burdurda-kontrolden-cikan-otomobil-levhaya-carpti-1-yarali","status":"publish","type":"post","link":"https:\/\/www.egemtv.com\/?p=91200","title":{"rendered":"Burdur\u2019da kontrolden \u00e7\u0131kan otomobil levhaya \u00e7arpt\u0131: 1 yaral\u0131"},"content":{"rendered":"<p>Burdur\u2019un Bucak il\u00e7esinde otomobil s\u00fcr\u00fcc\u00fcs\u00fcn\u00fcn direksiyon hakimiyetini kaybetmesi sonucu kontrolden \u00e7\u0131karak yol kenar\u0131nda bulunan levhaya \u00e7apt\u0131\u011f\u0131 kazada s\u00fcr\u00fcc\u00fc yaraland\u0131.<br \/>\n<br \/>Kaza, gece saatlerinde Burdur &#8211; Antalya karayolu Susuz K\u00f6y\u00fc yak\u0131nlar\u0131nda meydana geldi. Edinilen bilgiye g\u00f6re, B.E.Z. idaresindeki 15 SE 803 plakal\u0131 otomobil, s\u00fcr\u00fcc\u00fcs\u00fcn\u00fcn direksiyon hakimiyetini kaybetmesi sonucu yol kenar\u0131ndan bulunan levhaya \u00e7arpt\u0131. Kaza ihbar\u0131 \u00fczerine b\u00f6lgeye itfaiye, sa\u011fl\u0131k ve polis ekipleri sevk edildi. Kazada yaralanan otomobil s\u00fcr\u00fcc\u00fcs\u00fc sa\u011fl\u0131k ekipleri taraf\u0131ndan olay yerinde yap\u0131lan ilk m\u00fcdahalenin ard\u0131ndan ambulansla Bucak Devlet Hastanesine kald\u0131r\u0131larak tedavi alt\u0131na al\u0131nd\u0131.<br \/>\n<br \/>Kazayla ilgili inceleme ba\u015flat\u0131ld\u0131.<br \/><\/p>\n","protected":false},"excerpt":{"rendered":"<p>Burdur\u2019un Bucak il\u00e7esinde otomobil s\u00fcr\u00fcc\u00fcs\u00fcn\u00fcn direksiyon hakimiyetini kaybetmesi sonucu kontrolden \u00e7\u0131karak yol kenar\u0131nda bulunan levhaya \u00e7apt\u0131\u011f\u0131 kazada s\u00fcr\u00fcc\u00fc yaraland\u0131. Kaza, gece saatlerinde Burdur &#8211; Antalya karayolu Susuz K\u00f6y\u00fc yak\u0131nlar\u0131nda meydana geldi. Edinilen bilgiye g\u00f6re, B.E.Z. idaresindeki 15 SE 803 plakal\u0131 otomobil, s\u00fcr\u00fcc\u00fcs\u00fcn\u00fcn direksiyon hakimiyetini kaybetmesi sonucu yol kenar\u0131ndan bulunan levhaya \u00e7arpt\u0131. Kaza ihbar\u0131 \u00fczerine b\u00f6lgeye&#8230;<\/p>\n","protected":false},"author":1,"featured_media":91201,"comment_status":"open","ping_status":"open","sticky":false,"template":"","format":"standard","meta":{"_crdt_document":"","footnotes":""},"categories":[5],"tags":[],"class_list":["post-91200","post","type-post","status-publish","format-standard","has-post-thumbnail","hentry","category-asayis"],"_links":{"self":[{"href":"https:\/\/www.egemtv.com\/index.php?rest_route=\/wp\/v2\/posts\/91200","targetHints":{"allow":["GET"]}}],"collection":[{"href":"https:\/\/www.egemtv.com\/index.php?rest_route=\/wp\/v2\/posts"}],"about":[{"href":"https:\/\/www.egemtv.com\/index.php?rest_route=\/wp\/v2\/types\/post"}],"author":[{"embeddable":true,"href":"https:\/\/www.egemtv.com\/index.php?rest_route=\/wp\/v2\/users\/1"}],"replies":[{"embeddable":true,"href":"https:\/\/www.egemtv.com\/index.php?rest_route=%2Fwp%2Fv2%2Fcomments&post=91200"}],"version-history":[{"count":1,"href":"https:\/\/www.egemtv.com\/index.php?rest_route=\/wp\/v2\/posts\/91200\/revisions"}],"predecessor-version":[{"id":91202,"href":"https:\/\/www.egemtv.com\/index.php?rest_route=\/wp\/v2\/posts\/91200\/revisions\/91202"}],"wp:featuredmedia":[{"embeddable":true,"href":"https:\/\/www.egemtv.com\/index.php?rest_route=\/wp\/v2\/media\/91201"}],"wp:attachment":[{"href":"https:\/\/www.egemtv.com\/index.php?rest_route=%2Fwp%2Fv2%2Fmedia&parent=91200"}],"wp:term":[{"taxonomy":"category","embeddable":true,"href":"https:\/\/www.egemtv.com\/index.php?rest_route=%2Fwp%2Fv2%2Fcategories&post=91200"},{"taxonomy":"post_tag","embeddable":true,"href":"https:\/\/www.egemtv.com\/index.php?rest_route=%2Fwp%2Fv2%2Ftags&post=91200"}],"curies":[{"name":"wp","href":"https:\/\/api.w.org\/{rel}","templated":true}]}}