{"id":91197,"date":"2026-03-01T11:35:29","date_gmt":"2026-03-01T08:35:29","guid":{"rendered":"https:\/\/www.egemtv.com\/?p=91197"},"modified":"2026-03-01T11:35:31","modified_gmt":"2026-03-01T08:35:31","slug":"aydinda-miniklere-yonelik-ramazan-cami-ve-hayat-etkinligi-duzenlendi","status":"publish","type":"post","link":"https:\/\/www.egemtv.com\/?p=91197","title":{"rendered":"Ayd\u0131n\u2019da miniklere y\u00f6nelik \u2019Ramazan, Cami ve Hayat\u2019 etkinli\u011fi d\u00fczenlendi"},"content":{"rendered":"<p>Efeler \u0130l\u00e7e M\u00fcft\u00fcl\u00fc\u011f\u00fcne ba\u011fl\u0131 Fatih Camiinde, Yunus Emre Anaokulu \u00f6\u011frencileri \u00f6\u011fretmenleri ve velileriyle birlikte d\u00fczenlenen etkinlikte bir araya geldi.<\/p>\n<p>Cami g\u00f6revlisi Yusuf G\u00fcler taraf\u0131ndan \u2019Ramazan, Cami ve Hayat\u2019 ile \u2019Maarif\u2019in Kalbinde Ramazan\u2019 temalar\u0131 \u00e7er\u00e7evesinde ger\u00e7ekle\u015ftirilen programda, \u00e7ocuklara cami tan\u0131t\u0131ld\u0131 ve Ramazan ay\u0131n\u0131n manevi anlam\u0131 anlat\u0131ld\u0131. Etkinlik kapsam\u0131nda cami g\u00f6revlisi ve \u00e7ocuklar birlikte ilahiler s\u00f6yleyerek huzur dolu anlar ya\u015fad\u0131. Program sayesinde minik \u00f6\u011frenciler hem camiyi yak\u0131ndan tan\u0131ma f\u0131rsat\u0131 buldu hem de Ramazan ay\u0131n\u0131n birlik, payla\u015fma ve dayan\u0131\u015fma ruhunu \u00f6\u011frendi. Yetkililer, \u00e7ocuklar\u0131n k\u00fc\u00e7\u00fck ya\u015fta cami ortam\u0131n\u0131 tan\u0131mas\u0131n\u0131n ve manevi de\u011ferlerle bulu\u015fmas\u0131n\u0131n \u00f6nemine dikkat \u00e7ekerek benzer etkinliklerin devam edece\u011fini belirtti.<br \/><\/p>\n","protected":false},"excerpt":{"rendered":"<p>Efeler \u0130l\u00e7e M\u00fcft\u00fcl\u00fc\u011f\u00fcne ba\u011fl\u0131 Fatih Camiinde, Yunus Emre Anaokulu \u00f6\u011frencileri \u00f6\u011fretmenleri ve velileriyle birlikte d\u00fczenlenen etkinlikte bir araya geldi. Cami g\u00f6revlisi Yusuf G\u00fcler taraf\u0131ndan \u2019Ramazan, Cami ve Hayat\u2019 ile \u2019Maarif\u2019in Kalbinde Ramazan\u2019 temalar\u0131 \u00e7er\u00e7evesinde ger\u00e7ekle\u015ftirilen programda, \u00e7ocuklara cami tan\u0131t\u0131ld\u0131 ve Ramazan ay\u0131n\u0131n manevi anlam\u0131 anlat\u0131ld\u0131. Etkinlik kapsam\u0131nda cami g\u00f6revlisi ve \u00e7ocuklar birlikte ilahiler s\u00f6yleyerek huzur&#8230;<\/p>\n","protected":false},"author":1,"featured_media":91198,"comment_status":"open","ping_status":"open","sticky":false,"template":"","format":"standard","meta":{"_crdt_document":"","footnotes":""},"categories":[1],"tags":[],"class_list":["post-91197","post","type-post","status-publish","format-standard","has-post-thumbnail","hentry","category-guncel"],"_links":{"self":[{"href":"https:\/\/www.egemtv.com\/index.php?rest_route=\/wp\/v2\/posts\/91197","targetHints":{"allow":["GET"]}}],"collection":[{"href":"https:\/\/www.egemtv.com\/index.php?rest_route=\/wp\/v2\/posts"}],"about":[{"href":"https:\/\/www.egemtv.com\/index.php?rest_route=\/wp\/v2\/types\/post"}],"author":[{"embeddable":true,"href":"https:\/\/www.egemtv.com\/index.php?rest_route=\/wp\/v2\/users\/1"}],"replies":[{"embeddable":true,"href":"https:\/\/www.egemtv.com\/index.php?rest_route=%2Fwp%2Fv2%2Fcomments&post=91197"}],"version-history":[{"count":1,"href":"https:\/\/www.egemtv.com\/index.php?rest_route=\/wp\/v2\/posts\/91197\/revisions"}],"predecessor-version":[{"id":91199,"href":"https:\/\/www.egemtv.com\/index.php?rest_route=\/wp\/v2\/posts\/91197\/revisions\/91199"}],"wp:featuredmedia":[{"embeddable":true,"href":"https:\/\/www.egemtv.com\/index.php?rest_route=\/wp\/v2\/media\/91198"}],"wp:attachment":[{"href":"https:\/\/www.egemtv.com\/index.php?rest_route=%2Fwp%2Fv2%2Fmedia&parent=91197"}],"wp:term":[{"taxonomy":"category","embeddable":true,"href":"https:\/\/www.egemtv.com\/index.php?rest_route=%2Fwp%2Fv2%2Fcategories&post=91197"},{"taxonomy":"post_tag","embeddable":true,"href":"https:\/\/www.egemtv.com\/index.php?rest_route=%2Fwp%2Fv2%2Ftags&post=91197"}],"curies":[{"name":"wp","href":"https:\/\/api.w.org\/{rel}","templated":true}]}}