{"id":91194,"date":"2026-03-01T11:35:29","date_gmt":"2026-03-01T08:35:29","guid":{"rendered":"https:\/\/www.egemtv.com\/?p=91194"},"modified":"2026-03-01T11:35:29","modified_gmt":"2026-03-01T08:35:29","slug":"mhp-kutahya-merkez-ilce-baskanliginda-mehmet-ali-tekin-donemi","status":"publish","type":"post","link":"https:\/\/www.egemtv.com\/?p=91194","title":{"rendered":"MHP K\u00fctahya Merkez \u0130l\u00e7e Ba\u015fkanl\u0131\u011f\u0131\u2019nda Mehmet Ali Tekin d\u00f6nemi"},"content":{"rendered":"<p>Milliyet\u00e7i Hareket Partisi K\u00fctahya te\u015fkilat\u0131nda Ayhan Toy\u2019un g\u00f6revinden aff\u0131n\u0131 istemesinin ard\u0131ndan yeni Merkez \u0130l\u00e7e Ba\u015fkan\u0131 Mehmet Ali Tekin oldu.<br \/>\n<br \/>Milliyet\u00e7i Hareket Partisi K\u00fctahya \u0130l Ba\u015fkan\u0131 Sel\u00e7uk Al\u0131\u00e7, g\u00f6rev de\u011fi\u015fikli\u011fi ile ilgili yapt\u0131\u011f\u0131 a\u00e7\u0131klamada, &#8220;Mehmet Ali Tekin\u2019in Merkez \u0130l\u00e7e Ba\u015fkanl\u0131\u011f\u0131 g\u00f6revine getirilmesiyle birlikte, partimizin K\u00fctahya merkez te\u015fkilat\u0131nda g\u00fc\u00e7l\u00fc, dinamik ve milletimize etkin hizmet verece\u011fine olan inanc\u0131m\u0131z tamd\u0131r. Bu vesileyle, g\u00f6revinden aff\u0131n\u0131 isteyen \u00f6nceki Merkez \u0130l\u00e7e Ba\u015fkan\u0131m\u0131z Ayhan Toy\u2019a, bug\u00fcne kadar g\u00f6stermi\u015f oldu\u011fu emek, gayret ve fedak\u00e2rl\u0131klar\u0131ndan dolay\u0131 \u015f\u00fckranlar\u0131m\u0131z\u0131 sunuyor; kendisine aile fertleriyle birlikte sa\u011fl\u0131k, mutluluk ve ba\u015far\u0131lar diliyoruz. Yeni g\u00f6revinde ba\u015far\u0131lar diledi\u011fimiz Merkez \u0130l\u00e7e Ba\u015fkan\u0131m\u0131z Mehmet Ali Tekin\u2019i tebrik ediyor; Allah yolunu ve baht\u0131n\u0131 a\u00e7\u0131k etsin diyoruz. Milliyet\u00e7i Hareket Partisi K\u00fctahya te\u015fkilat\u0131 olarak, bilge liderimiz Devlet Bah\u00e7eli\u2019nin g\u00f6sterdi\u011fi istikamet do\u011frultusunda, \u2019T\u00fcrk milletinin bekas\u0131, T\u00fcrkiye\u2019nin bekas\u0131d\u0131r\u2019 \u015fiar\u0131yla, birlik, dirlik ve karde\u015flik ruhu i\u00e7inde K\u00fctahya\u2019m\u0131za ve \u00fclkemize hizmet etmeye devam edece\u011fiz&#8221; ifadelerini kulland\u0131.<br \/><\/p>\n","protected":false},"excerpt":{"rendered":"<p>Milliyet\u00e7i Hareket Partisi K\u00fctahya te\u015fkilat\u0131nda Ayhan Toy\u2019un g\u00f6revinden aff\u0131n\u0131 istemesinin ard\u0131ndan yeni Merkez \u0130l\u00e7e Ba\u015fkan\u0131 Mehmet Ali Tekin oldu. Milliyet\u00e7i Hareket Partisi K\u00fctahya \u0130l Ba\u015fkan\u0131 Sel\u00e7uk Al\u0131\u00e7, g\u00f6rev de\u011fi\u015fikli\u011fi ile ilgili yapt\u0131\u011f\u0131 a\u00e7\u0131klamada, &#8220;Mehmet Ali Tekin\u2019in Merkez \u0130l\u00e7e Ba\u015fkanl\u0131\u011f\u0131 g\u00f6revine getirilmesiyle birlikte, partimizin K\u00fctahya merkez te\u015fkilat\u0131nda g\u00fc\u00e7l\u00fc, dinamik ve milletimize etkin hizmet verece\u011fine olan inanc\u0131m\u0131z&#8230;<\/p>\n","protected":false},"author":1,"featured_media":91195,"comment_status":"open","ping_status":"open","sticky":false,"template":"","format":"standard","meta":{"_crdt_document":"","footnotes":""},"categories":[127],"tags":[],"class_list":["post-91194","post","type-post","status-publish","format-standard","has-post-thumbnail","hentry","category-siyaset"],"_links":{"self":[{"href":"https:\/\/www.egemtv.com\/index.php?rest_route=\/wp\/v2\/posts\/91194","targetHints":{"allow":["GET"]}}],"collection":[{"href":"https:\/\/www.egemtv.com\/index.php?rest_route=\/wp\/v2\/posts"}],"about":[{"href":"https:\/\/www.egemtv.com\/index.php?rest_route=\/wp\/v2\/types\/post"}],"author":[{"embeddable":true,"href":"https:\/\/www.egemtv.com\/index.php?rest_route=\/wp\/v2\/users\/1"}],"replies":[{"embeddable":true,"href":"https:\/\/www.egemtv.com\/index.php?rest_route=%2Fwp%2Fv2%2Fcomments&post=91194"}],"version-history":[{"count":1,"href":"https:\/\/www.egemtv.com\/index.php?rest_route=\/wp\/v2\/posts\/91194\/revisions"}],"predecessor-version":[{"id":91196,"href":"https:\/\/www.egemtv.com\/index.php?rest_route=\/wp\/v2\/posts\/91194\/revisions\/91196"}],"wp:featuredmedia":[{"embeddable":true,"href":"https:\/\/www.egemtv.com\/index.php?rest_route=\/wp\/v2\/media\/91195"}],"wp:attachment":[{"href":"https:\/\/www.egemtv.com\/index.php?rest_route=%2Fwp%2Fv2%2Fmedia&parent=91194"}],"wp:term":[{"taxonomy":"category","embeddable":true,"href":"https:\/\/www.egemtv.com\/index.php?rest_route=%2Fwp%2Fv2%2Fcategories&post=91194"},{"taxonomy":"post_tag","embeddable":true,"href":"https:\/\/www.egemtv.com\/index.php?rest_route=%2Fwp%2Fv2%2Ftags&post=91194"}],"curies":[{"name":"wp","href":"https:\/\/api.w.org\/{rel}","templated":true}]}}