{"id":91191,"date":"2026-03-01T11:15:01","date_gmt":"2026-03-01T08:15:01","guid":{"rendered":"https:\/\/www.egemtv.com\/?p=91191"},"modified":"2026-03-01T11:15:02","modified_gmt":"2026-03-01T08:15:02","slug":"kaymakam-ates-ilce-jandarma-personeliyle-bulustu","status":"publish","type":"post","link":"https:\/\/www.egemtv.com\/?p=91191","title":{"rendered":"Kaymakam Ate\u015f, \u0130l\u00e7e Jandarma personeliyle bulu\u015ftu"},"content":{"rendered":"<p>Sultanhisar Kaymakam\u0131 Ali Ekber Ate\u015f, Sultanhisar \u0130l\u00e7e Jandarma Komutanl\u0131\u011f\u0131n\u0131 ziyaret ederek \u0130l\u00e7e Jandarma Komutan\u0131, karakol komutanlar\u0131 ve g\u00f6revli personelle bir araya geldi.<\/p>\n<p>Ziyarette, il\u00e7enin huzur ve g\u00fcvenli\u011fi i\u00e7in fedakarca g\u00f6rev yapan jandarma personelinin Ramazan ay\u0131n\u0131 tebrik eden Kaymakam Ate\u015f, \u00f6zverili \u00e7al\u0131\u015fmalar\u0131ndan dolay\u0131 jandarma te\u015fkilat\u0131na te\u015fekk\u00fcr ederek g\u00f6revlerinde ba\u015far\u0131lar diledi. G\u00fcvenlik g\u00fc\u00e7lerinin gece g\u00fcnd\u00fcz demeden vatanda\u015flar\u0131n can ve mal g\u00fcvenli\u011fi i\u00e7in g\u00f6rev yapt\u0131\u011f\u0131n\u0131 vurgulayan Kaymakam Ate\u015f, bu kapsamda jandarman\u0131n vatanda\u015flar\u0131n huzur i\u00e7inde ya\u015famas\u0131 i\u00e7in b\u00fcy\u00fck bir sorumluluk \u00fcstlendi\u011fini kaydetti. Ziyaret kapsam\u0131nda il\u00e7e genelinde y\u00fcr\u00fct\u00fclen asayi\u015f, trafik ve g\u00fcvenlik \u00e7al\u0131\u015fmalar\u0131 hakk\u0131nda \u0130l\u00e7e Jandarma Komutan\u0131\u2019ndan bilgi alan Kaymakam Ate\u015f, \u00f6zellikle k\u0131rsal mahallelerde y\u00fcr\u00fct\u00fclen denetim ve \u00f6nleyici hizmetlerin \u00f6nemine dikkat \u00e7ekti. Ziyaret sonunda t\u00fcm personele g\u00f6revlerinde kolayl\u0131klar dileyen Ate\u015f, hat\u0131ra foto\u011fraf\u0131 \u00e7ekilmesi ile ziyaretini sonland\u0131rd\u0131.<br \/><\/p>\n","protected":false},"excerpt":{"rendered":"<p>Sultanhisar Kaymakam\u0131 Ali Ekber Ate\u015f, Sultanhisar \u0130l\u00e7e Jandarma Komutanl\u0131\u011f\u0131n\u0131 ziyaret ederek \u0130l\u00e7e Jandarma Komutan\u0131, karakol komutanlar\u0131 ve g\u00f6revli personelle bir araya geldi. Ziyarette, il\u00e7enin huzur ve g\u00fcvenli\u011fi i\u00e7in fedakarca g\u00f6rev yapan jandarma personelinin Ramazan ay\u0131n\u0131 tebrik eden Kaymakam Ate\u015f, \u00f6zverili \u00e7al\u0131\u015fmalar\u0131ndan dolay\u0131 jandarma te\u015fkilat\u0131na te\u015fekk\u00fcr ederek g\u00f6revlerinde ba\u015far\u0131lar diledi. G\u00fcvenlik g\u00fc\u00e7lerinin gece g\u00fcnd\u00fcz demeden vatanda\u015flar\u0131n&#8230;<\/p>\n","protected":false},"author":1,"featured_media":91192,"comment_status":"open","ping_status":"open","sticky":false,"template":"","format":"standard","meta":{"_crdt_document":"","footnotes":""},"categories":[1],"tags":[],"class_list":["post-91191","post","type-post","status-publish","format-standard","has-post-thumbnail","hentry","category-guncel"],"_links":{"self":[{"href":"https:\/\/www.egemtv.com\/index.php?rest_route=\/wp\/v2\/posts\/91191","targetHints":{"allow":["GET"]}}],"collection":[{"href":"https:\/\/www.egemtv.com\/index.php?rest_route=\/wp\/v2\/posts"}],"about":[{"href":"https:\/\/www.egemtv.com\/index.php?rest_route=\/wp\/v2\/types\/post"}],"author":[{"embeddable":true,"href":"https:\/\/www.egemtv.com\/index.php?rest_route=\/wp\/v2\/users\/1"}],"replies":[{"embeddable":true,"href":"https:\/\/www.egemtv.com\/index.php?rest_route=%2Fwp%2Fv2%2Fcomments&post=91191"}],"version-history":[{"count":1,"href":"https:\/\/www.egemtv.com\/index.php?rest_route=\/wp\/v2\/posts\/91191\/revisions"}],"predecessor-version":[{"id":91193,"href":"https:\/\/www.egemtv.com\/index.php?rest_route=\/wp\/v2\/posts\/91191\/revisions\/91193"}],"wp:featuredmedia":[{"embeddable":true,"href":"https:\/\/www.egemtv.com\/index.php?rest_route=\/wp\/v2\/media\/91192"}],"wp:attachment":[{"href":"https:\/\/www.egemtv.com\/index.php?rest_route=%2Fwp%2Fv2%2Fmedia&parent=91191"}],"wp:term":[{"taxonomy":"category","embeddable":true,"href":"https:\/\/www.egemtv.com\/index.php?rest_route=%2Fwp%2Fv2%2Fcategories&post=91191"},{"taxonomy":"post_tag","embeddable":true,"href":"https:\/\/www.egemtv.com\/index.php?rest_route=%2Fwp%2Fv2%2Ftags&post=91191"}],"curies":[{"name":"wp","href":"https:\/\/api.w.org\/{rel}","templated":true}]}}