{"id":91188,"date":"2026-03-01T11:14:58","date_gmt":"2026-03-01T08:14:58","guid":{"rendered":"https:\/\/www.egemtv.com\/?p=91188"},"modified":"2026-03-01T11:15:00","modified_gmt":"2026-03-01T08:15:00","slug":"aydinda-saglik-calisanlarina-organ-bagisi-egitimi-verildi","status":"publish","type":"post","link":"https:\/\/www.egemtv.com\/?p=91188","title":{"rendered":"Ayd\u0131n\u2019da sa\u011fl\u0131k \u00e7al\u0131\u015fanlar\u0131na organ ba\u011f\u0131\u015f\u0131 e\u011fitimi verildi"},"content":{"rendered":"<p>Ayd\u0131n Devlet Hastanesi taraf\u0131ndan organ ba\u011f\u0131\u015f\u0131na y\u00f6nelik fark\u0131ndal\u0131\u011f\u0131n art\u0131r\u0131lmas\u0131 amac\u0131yla sa\u011fl\u0131k \u00e7al\u0131\u015fanlar\u0131na y\u00f6nelik e\u011fitim program\u0131 d\u00fczenlendi.<\/p>\n<p>Ayd\u0131n Devlet Hastanesi\u2019nin konferans salonunda ger\u00e7ekle\u015ftirilen \u2019Organ Ba\u011f\u0131\u015f\u0131\u2019 konulu e\u011fitim, Organ Ba\u011f\u0131\u015f\u0131 Birim Sorumlusu Osman Meral taraf\u0131ndan verildi. Programa hastane personelinin yan\u0131 s\u0131ra Efeler \u0130l\u00e7e Sa\u011fl\u0131k M\u00fcd\u00fcrl\u00fc\u011f\u00fc, Germencik \u0130l\u00e7e Sa\u011fl\u0131k M\u00fcd\u00fcrl\u00fc\u011f\u00fc, \u0130ncirliova \u0130l\u00e7e Sa\u011fl\u0131k M\u00fcd\u00fcrl\u00fc\u011f\u00fc ve Germencik Devlet Hastanesi personeli kat\u0131ld\u0131. E\u011fitimde organ ba\u011f\u0131\u015f\u0131n\u0131n \u00f6nemi, ba\u011f\u0131\u015f s\u00fcreci ve yasal mevzuata ili\u015fkin detayl\u0131 bilgilendirme yap\u0131ld\u0131. Sa\u011fl\u0131k \u00e7al\u0131\u015fanlar\u0131n\u0131n yo\u011fun ilgi g\u00f6sterdi\u011fi programda, bir organ ba\u011f\u0131\u015f\u0131n\u0131n birden fazla hastaya umut olabilece\u011fi vurguland\u0131. Hastane y\u00f6netimi taraf\u0131ndan yap\u0131lan a\u00e7\u0131klamada, organ ba\u011f\u0131\u015f\u0131n\u0131n hayat kurtaran bir sorumluluk oldu\u011funa dikkat \u00e7ekilerek, toplumda duyarl\u0131l\u0131\u011f\u0131 art\u0131rmaya y\u00f6nelik e\u011fitim ve bilin\u00e7lendirme \u00e7al\u0131\u015fmalar\u0131n\u0131n kararl\u0131l\u0131kla s\u00fcrd\u00fcr\u00fclece\u011fi ifade edildi.<br \/><\/p>\n","protected":false},"excerpt":{"rendered":"<p>Ayd\u0131n Devlet Hastanesi taraf\u0131ndan organ ba\u011f\u0131\u015f\u0131na y\u00f6nelik fark\u0131ndal\u0131\u011f\u0131n art\u0131r\u0131lmas\u0131 amac\u0131yla sa\u011fl\u0131k \u00e7al\u0131\u015fanlar\u0131na y\u00f6nelik e\u011fitim program\u0131 d\u00fczenlendi. Ayd\u0131n Devlet Hastanesi\u2019nin konferans salonunda ger\u00e7ekle\u015ftirilen \u2019Organ Ba\u011f\u0131\u015f\u0131\u2019 konulu e\u011fitim, Organ Ba\u011f\u0131\u015f\u0131 Birim Sorumlusu Osman Meral taraf\u0131ndan verildi. Programa hastane personelinin yan\u0131 s\u0131ra Efeler \u0130l\u00e7e Sa\u011fl\u0131k M\u00fcd\u00fcrl\u00fc\u011f\u00fc, Germencik \u0130l\u00e7e Sa\u011fl\u0131k M\u00fcd\u00fcrl\u00fc\u011f\u00fc, \u0130ncirliova \u0130l\u00e7e Sa\u011fl\u0131k M\u00fcd\u00fcrl\u00fc\u011f\u00fc ve Germencik Devlet Hastanesi&#8230;<\/p>\n","protected":false},"author":1,"featured_media":91189,"comment_status":"open","ping_status":"open","sticky":false,"template":"","format":"standard","meta":{"_crdt_document":"","footnotes":""},"categories":[1],"tags":[],"class_list":["post-91188","post","type-post","status-publish","format-standard","has-post-thumbnail","hentry","category-guncel"],"_links":{"self":[{"href":"https:\/\/www.egemtv.com\/index.php?rest_route=\/wp\/v2\/posts\/91188","targetHints":{"allow":["GET"]}}],"collection":[{"href":"https:\/\/www.egemtv.com\/index.php?rest_route=\/wp\/v2\/posts"}],"about":[{"href":"https:\/\/www.egemtv.com\/index.php?rest_route=\/wp\/v2\/types\/post"}],"author":[{"embeddable":true,"href":"https:\/\/www.egemtv.com\/index.php?rest_route=\/wp\/v2\/users\/1"}],"replies":[{"embeddable":true,"href":"https:\/\/www.egemtv.com\/index.php?rest_route=%2Fwp%2Fv2%2Fcomments&post=91188"}],"version-history":[{"count":1,"href":"https:\/\/www.egemtv.com\/index.php?rest_route=\/wp\/v2\/posts\/91188\/revisions"}],"predecessor-version":[{"id":91190,"href":"https:\/\/www.egemtv.com\/index.php?rest_route=\/wp\/v2\/posts\/91188\/revisions\/91190"}],"wp:featuredmedia":[{"embeddable":true,"href":"https:\/\/www.egemtv.com\/index.php?rest_route=\/wp\/v2\/media\/91189"}],"wp:attachment":[{"href":"https:\/\/www.egemtv.com\/index.php?rest_route=%2Fwp%2Fv2%2Fmedia&parent=91188"}],"wp:term":[{"taxonomy":"category","embeddable":true,"href":"https:\/\/www.egemtv.com\/index.php?rest_route=%2Fwp%2Fv2%2Fcategories&post=91188"},{"taxonomy":"post_tag","embeddable":true,"href":"https:\/\/www.egemtv.com\/index.php?rest_route=%2Fwp%2Fv2%2Ftags&post=91188"}],"curies":[{"name":"wp","href":"https:\/\/api.w.org\/{rel}","templated":true}]}}