{"id":91185,"date":"2026-03-01T10:54:39","date_gmt":"2026-03-01T07:54:39","guid":{"rendered":"https:\/\/www.egemtv.com\/?p=91185"},"modified":"2026-03-01T10:54:40","modified_gmt":"2026-03-01T07:54:40","slug":"izmirde-amator-spora-25-milyon-tllik-can-suyu","status":"publish","type":"post","link":"https:\/\/www.egemtv.com\/?p=91185","title":{"rendered":"\u0130zmir\u2019de amat\u00f6r spora 25 milyon TL\u2019lik can suyu"},"content":{"rendered":"<p>\u0130zmir B\u00fcy\u00fck\u015fehir Belediyesi, amat\u00f6r spor kul\u00fcplerine malzeme deste\u011fi sa\u011fl\u0131yor. Kentte faaliyet g\u00f6steren 282 amat\u00f6r kul\u00fcp i\u00e7in toplam 5 milyon TL\u2019lik kaynak ayr\u0131ld\u0131.<br \/>\n<br \/>\u0130zmir B\u00fcy\u00fck\u015fehir Belediye Ba\u015fkan\u0131 Dr. Cemil Tugay\u2019\u0131n \u0130zmir\u2019i sporun ba\u015fkenti yapma vizyonu do\u011frultusunda amat\u00f6r spor kul\u00fcplerine y\u00f6nelik malzeme deste\u011fi s\u00fcr\u00fcyor. Kul\u00fcp y\u00f6neticileri ve antren\u00f6rler, Bornova A\u015f\u0131k Veysel Konferans Alan\u0131\u2019na gelerek \u0130zmir B\u00fcy\u00fck\u015fehir Belediyesi Gen\u00e7lik ve Spor Hizmetleri Dairesi Ba\u015fkanl\u0131\u011f\u0131 yetkililerinden malzemelerini teslim al\u0131yor. Kentte amat\u00f6r olarak faaliyet g\u00f6steren 282 kul\u00fcp i\u00e7in toplam 5 milyon TL kaynak ayr\u0131ld\u0131.<br \/>\n<br \/>\u0130zmir B\u00fcy\u00fck\u015fehir Belediyesi Gen\u00e7lik ve Spor Hizmetleri Dairesi Ba\u015fkanl\u0131\u011f\u0131 b\u00fcnyesinde Spor \u00c7al\u0131\u015fmalar\u0131 \u015eube M\u00fcd\u00fcr\u00fc olarak g\u00f6rev yapan G\u00fcrcan Temizel, &#8220;Amat\u00f6r kul\u00fcplerimize ve okullar\u0131m\u0131za spor malzemesi deste\u011fi sa\u011fl\u0131yoruz. Bu deste\u011fi ayni ve nakdi olmak \u00fczere iki a\u015famada ger\u00e7ekle\u015ftiriyoruz. Ge\u00e7ti\u011fimiz eyl\u00fcl-ekim aylar\u0131nda 20 milyon TL\u2019lik nakdi yard\u0131m yapt\u0131k. \u015eimdi ise yakla\u015f\u0131k 280 kul\u00fcb\u00fc kapsayan spor malzemesi deste\u011fini hayata ge\u00e7iriyoruz. Bu malzemelerin maliyeti yakla\u015f\u0131k 5 milyon TL. Kul\u00fcplerimizde spor yapanlar\u0131n tamam\u0131 bizim \u00e7ocuklar\u0131m\u0131z, gen\u00e7lerimiz. Onlar\u0131n her \u015feyin en iyisini hak etti\u011fine inan\u0131yoruz&#8221; dedi.<\/p>\n<p>&#8220;\u00c7ok iyi bir destek&#8221;<br \/>\n<br \/>Kul\u00fcb\u00fc ad\u0131na malzemeleri teslim alan Urla Bademler Spor Kul\u00fcb\u00fc Futbol \u015eubesi Sorumlusu Erkin \u015een, &#8220;Bizim i\u00e7in \u00e7ok \u00f6nemli bir destek. K\u00f6y tak\u0131m\u0131 olarak gen\u00e7lerle yolumuza devam ediyoruz. Bu nedenle her t\u00fcrl\u00fc deste\u011fe ihtiyac\u0131m\u0131z var. Yap\u0131lan yard\u0131mlar bizi olumlu etkiliyor. Her y\u0131l bu desteklerden faydalan\u0131yoruz, te\u015fekk\u00fcr ediyoruz&#8221; diye konu\u015ftu.<\/p>\n<p>&#8220;Bizi b\u00fcy\u00fck bir y\u00fckten kurtar\u0131yor&#8221;<br \/>\n<br \/>Malzeme deste\u011fini \u00e7ok iyi bir hizmet olarak g\u00f6rd\u00fc\u011f\u00fcn\u00fc aktaran Torbal\u0131g\u00fcc\u00fc Spor Kul\u00fcb\u00fc Ba\u015fkan\u0131 Uzay Akg\u00fcl, &#8220;\u00c7o\u011fu kul\u00fcb\u00fcm\u00fcz bu destekler sayesinde ayakta duruyor. \u00c7ocuklar\u0131m\u0131za malzeme yard\u0131m\u0131 i\u00e7in te\u015fekk\u00fcr ediyoruz. \u00dcr\u00fcnler kalite olarak ger\u00e7ekten iyi. \u0130zmir B\u00fcy\u00fck\u015fehir Belediye Ba\u015fkan\u0131 Say\u0131n Cemil Tugay\u2019a te\u015fekk\u00fcr ediyoruz. Bizi b\u00fcy\u00fck bir y\u00fckten kurtarm\u0131\u015f oluyor. Yap\u0131lan yard\u0131mlar, maddi manevi destekler i\u00e7in te\u015fekk\u00fcr ediyoruz&#8221; ifadelerini kulland\u0131.<\/p>\n<p>&#8220;Bize can suyu, minnettar\u0131z&#8221;<br \/>\n<br \/>Buca Gen\u00e7lerbirli\u011fi Spor Kul\u00fcb\u00fc Ba\u015fkan\u0131 Bedrettin Karada\u011f ise, &#8220;Cemil Ba\u015fkan\u0131m\u0131za g\u00f6reve geldi\u011fi g\u00fcnden bu yana amat\u00f6r spora verdi\u011fi destekler i\u00e7in te\u015fekk\u00fcr ediyoruz. Hem nakdi hem de malzeme yard\u0131mlar\u0131 kul\u00fcpler i\u00e7in adeta can suyu oldu. Bu konuda kendisine minnettar\u0131z. Yeti\u015ftirici bir kul\u00fcb\u00fcz. Kuru\u00e7e\u015fme sahas\u0131n\u0131n yap\u0131m\u0131nda da bize katk\u0131 sa\u011flad\u0131. B\u00fcy\u00fck\u015fehir\u2019in amat\u00f6r kul\u00fcplere verdi\u011fi destek ger\u00e7ekten \u00e7ok k\u0131ymetli&#8221; dedi.<br \/><\/p>\n","protected":false},"excerpt":{"rendered":"<p>\u0130zmir B\u00fcy\u00fck\u015fehir Belediyesi, amat\u00f6r spor kul\u00fcplerine malzeme deste\u011fi sa\u011fl\u0131yor. Kentte faaliyet g\u00f6steren 282 amat\u00f6r kul\u00fcp i\u00e7in toplam 5 milyon TL\u2019lik kaynak ayr\u0131ld\u0131. \u0130zmir B\u00fcy\u00fck\u015fehir Belediye Ba\u015fkan\u0131 Dr. Cemil Tugay\u2019\u0131n \u0130zmir\u2019i sporun ba\u015fkenti yapma vizyonu do\u011frultusunda amat\u00f6r spor kul\u00fcplerine y\u00f6nelik malzeme deste\u011fi s\u00fcr\u00fcyor. Kul\u00fcp y\u00f6neticileri ve antren\u00f6rler, Bornova A\u015f\u0131k Veysel Konferans Alan\u0131\u2019na gelerek \u0130zmir B\u00fcy\u00fck\u015fehir Belediyesi&#8230;<\/p>\n","protected":false},"author":1,"featured_media":91186,"comment_status":"open","ping_status":"open","sticky":false,"template":"","format":"standard","meta":{"_crdt_document":"","footnotes":""},"categories":[4],"tags":[],"class_list":["post-91185","post","type-post","status-publish","format-standard","has-post-thumbnail","hentry","category-spor"],"_links":{"self":[{"href":"https:\/\/www.egemtv.com\/index.php?rest_route=\/wp\/v2\/posts\/91185","targetHints":{"allow":["GET"]}}],"collection":[{"href":"https:\/\/www.egemtv.com\/index.php?rest_route=\/wp\/v2\/posts"}],"about":[{"href":"https:\/\/www.egemtv.com\/index.php?rest_route=\/wp\/v2\/types\/post"}],"author":[{"embeddable":true,"href":"https:\/\/www.egemtv.com\/index.php?rest_route=\/wp\/v2\/users\/1"}],"replies":[{"embeddable":true,"href":"https:\/\/www.egemtv.com\/index.php?rest_route=%2Fwp%2Fv2%2Fcomments&post=91185"}],"version-history":[{"count":1,"href":"https:\/\/www.egemtv.com\/index.php?rest_route=\/wp\/v2\/posts\/91185\/revisions"}],"predecessor-version":[{"id":91187,"href":"https:\/\/www.egemtv.com\/index.php?rest_route=\/wp\/v2\/posts\/91185\/revisions\/91187"}],"wp:featuredmedia":[{"embeddable":true,"href":"https:\/\/www.egemtv.com\/index.php?rest_route=\/wp\/v2\/media\/91186"}],"wp:attachment":[{"href":"https:\/\/www.egemtv.com\/index.php?rest_route=%2Fwp%2Fv2%2Fmedia&parent=91185"}],"wp:term":[{"taxonomy":"category","embeddable":true,"href":"https:\/\/www.egemtv.com\/index.php?rest_route=%2Fwp%2Fv2%2Fcategories&post=91185"},{"taxonomy":"post_tag","embeddable":true,"href":"https:\/\/www.egemtv.com\/index.php?rest_route=%2Fwp%2Fv2%2Ftags&post=91185"}],"curies":[{"name":"wp","href":"https:\/\/api.w.org\/{rel}","templated":true}]}}