{"id":91182,"date":"2026-03-01T10:35:36","date_gmt":"2026-03-01T07:35:36","guid":{"rendered":"https:\/\/www.egemtv.com\/?p=91182"},"modified":"2026-03-01T10:35:38","modified_gmt":"2026-03-01T07:35:38","slug":"didim-cocuk-meclisinden-miletosta-matematik-yolculugu","status":"publish","type":"post","link":"https:\/\/www.egemtv.com\/?p=91182","title":{"rendered":"Didim \u00c7ocuk Meclisi\u2019nden Miletos\u2019ta matematik yolculu\u011fu"},"content":{"rendered":"<p>Didim Belediyesi \u00c7ocuk Meclisi \u00fcyeleri, UNESCO taraf\u0131ndan 14 Mart\u2019ta ger\u00e7ekle\u015ftirilecek Miletos Matematik G\u00fcn\u00fc \u00f6ncesinde anlaml\u0131 bir ke\u015fif program\u0131 d\u00fczenledi. Bilim ve felsefenin do\u011fdu\u011fu kent olarak bilinen, ayn\u0131 zamanda d\u00fc\u015f\u00fcnce tarihinin \u00f6nc\u00fclerinden Thales\u2019in do\u011fum yeri olan Miletos Antik Kenti\u2019nde ger\u00e7ekle\u015ftirilen gezi kapsam\u0131nda \u00f6\u011frenciler, matemati\u011fin do\u011fayla olan ili\u015fkisini yerinde deneyimledi.<\/p>\n<p>Antik kentte yap\u0131lan g\u00f6zlem \u00e7al\u0131\u015fmalar\u0131 s\u0131ras\u0131nda \u00e7ocuklar, Thales\u2019in deneyimledi\u011fi gibi g\u00f6lge ile uzunluk \u00f6l\u00e7\u00fcm\u00fc deneyi ger\u00e7ekle\u015ftirerek matemati\u011fin temel prensiplerini uygulamal\u0131 olarak \u00f6\u011frenme f\u0131rsat\u0131 buldu. Bilimsel d\u00fc\u015f\u00fcncenin temellerinin at\u0131ld\u0131\u011f\u0131 bu tarihi co\u011frafyada yap\u0131lan \u00e7al\u0131\u015fmalar, \u00f6\u011frencilerin matemati\u011fe olan ilgisini art\u0131r\u0131rken \u00f6\u011frenme s\u00fcrecini sahada deneyimlemelerini sa\u011flad\u0131. Program\u0131n devam\u0131nda D\u0130GEM\u2019de bir araya gelen \u00c7ocuk Meclisi \u00fcyeleri, \u2019Matematik ve Umut\u2019 temas\u0131yla deneysel sanat \u00e7al\u0131\u015fmalar\u0131 haz\u0131rlad\u0131. Ortaya \u00e7\u0131kan \u00f6zg\u00fcn eserler, 14 Mart\u2019ta d\u00fczenlenecek Miletos Matematik G\u00fcn\u00fc etkinlikleri kapsam\u0131nda sergilenecek.<\/p>\n<p>Didim Belediye Ba\u015fkan\u0131 Hatice Gen\u00e7ay, &#8220;Bilim ve felsefenin do\u011fdu\u011fu Miletos\u2019ta \u00e7ocuklar\u0131m\u0131z\u0131n matemati\u011fi yerinde deneyimlemesi bizler i\u00e7in b\u00fcy\u00fck bir gurur. Thales\u2019in miras\u0131n\u0131 ya\u015fatan bu topraklarda, yeni nesillerin bilimle bulu\u015fmas\u0131n\u0131 \u00f6nemsiyoruz. Didim Belediyesi olarak \u00e7ocuklar\u0131m\u0131z\u0131n sorgulayan, \u00fcreten ve d\u00fc\u015f\u00fcnen bireyler olarak yeti\u015fmesi i\u00e7in \u00e7al\u0131\u015fmalar\u0131m\u0131z\u0131 kararl\u0131l\u0131kla s\u00fcrd\u00fcrece\u011fiz&#8221; dedi.<br \/><\/p>\n","protected":false},"excerpt":{"rendered":"<p>Didim Belediyesi \u00c7ocuk Meclisi \u00fcyeleri, UNESCO taraf\u0131ndan 14 Mart\u2019ta ger\u00e7ekle\u015ftirilecek Miletos Matematik G\u00fcn\u00fc \u00f6ncesinde anlaml\u0131 bir ke\u015fif program\u0131 d\u00fczenledi. Bilim ve felsefenin do\u011fdu\u011fu kent olarak bilinen, ayn\u0131 zamanda d\u00fc\u015f\u00fcnce tarihinin \u00f6nc\u00fclerinden Thales\u2019in do\u011fum yeri olan Miletos Antik Kenti\u2019nde ger\u00e7ekle\u015ftirilen gezi kapsam\u0131nda \u00f6\u011frenciler, matemati\u011fin do\u011fayla olan ili\u015fkisini yerinde deneyimledi. Antik kentte yap\u0131lan g\u00f6zlem \u00e7al\u0131\u015fmalar\u0131 s\u0131ras\u0131nda \u00e7ocuklar,&#8230;<\/p>\n","protected":false},"author":1,"featured_media":91183,"comment_status":"open","ping_status":"open","sticky":false,"template":"","format":"standard","meta":{"_crdt_document":"","footnotes":""},"categories":[1],"tags":[],"class_list":["post-91182","post","type-post","status-publish","format-standard","has-post-thumbnail","hentry","category-guncel"],"_links":{"self":[{"href":"https:\/\/www.egemtv.com\/index.php?rest_route=\/wp\/v2\/posts\/91182","targetHints":{"allow":["GET"]}}],"collection":[{"href":"https:\/\/www.egemtv.com\/index.php?rest_route=\/wp\/v2\/posts"}],"about":[{"href":"https:\/\/www.egemtv.com\/index.php?rest_route=\/wp\/v2\/types\/post"}],"author":[{"embeddable":true,"href":"https:\/\/www.egemtv.com\/index.php?rest_route=\/wp\/v2\/users\/1"}],"replies":[{"embeddable":true,"href":"https:\/\/www.egemtv.com\/index.php?rest_route=%2Fwp%2Fv2%2Fcomments&post=91182"}],"version-history":[{"count":1,"href":"https:\/\/www.egemtv.com\/index.php?rest_route=\/wp\/v2\/posts\/91182\/revisions"}],"predecessor-version":[{"id":91184,"href":"https:\/\/www.egemtv.com\/index.php?rest_route=\/wp\/v2\/posts\/91182\/revisions\/91184"}],"wp:featuredmedia":[{"embeddable":true,"href":"https:\/\/www.egemtv.com\/index.php?rest_route=\/wp\/v2\/media\/91183"}],"wp:attachment":[{"href":"https:\/\/www.egemtv.com\/index.php?rest_route=%2Fwp%2Fv2%2Fmedia&parent=91182"}],"wp:term":[{"taxonomy":"category","embeddable":true,"href":"https:\/\/www.egemtv.com\/index.php?rest_route=%2Fwp%2Fv2%2Fcategories&post=91182"},{"taxonomy":"post_tag","embeddable":true,"href":"https:\/\/www.egemtv.com\/index.php?rest_route=%2Fwp%2Fv2%2Ftags&post=91182"}],"curies":[{"name":"wp","href":"https:\/\/api.w.org\/{rel}","templated":true}]}}