{"id":91179,"date":"2026-03-01T10:15:30","date_gmt":"2026-03-01T07:15:30","guid":{"rendered":"https:\/\/www.egemtv.com\/?p=91179"},"modified":"2026-03-01T10:15:31","modified_gmt":"2026-03-01T07:15:31","slug":"sahin-kaptan-cocuklara-baligi-sevdirmek-icin-yola-cikti","status":"publish","type":"post","link":"https:\/\/www.egemtv.com\/?p=91179","title":{"rendered":"\u015eahin Kaptan, \u00e7ocuklara bal\u0131\u011f\u0131 sevdirmek i\u00e7in yola \u00e7\u0131kt\u0131"},"content":{"rendered":"<p>\u0130zmir Ticaret Odas\u0131 b\u00fcnyesinde faaliyet g\u00f6steren \u0130zmir Bal\u0131k\u00e7\u0131l\u0131k \u00c7al\u0131\u015fma Komitesi \u00e7ocuklar i\u00e7in \u00f6rnek bir \u00e7al\u0131\u015fmaya imza att\u0131. 20 kurumdan temsilcilerin yer ald\u0131\u011f\u0131 komite, Ege \u00dcniversitesi, Dokuz Eyl\u00fcl \u00dcniversitesi, \u0130zmir Ekonomi \u00dcniversitesi ve \u0130zmir Katip \u00c7elebi \u00dcniversitesi\u2019nden \u00f6\u011fretim \u00fcyelerinin katk\u0131lar\u0131yla \u00e7ocuk ya\u015fta bal\u0131k t\u00fcketimini \u00f6zendirmek ve bal\u0131\u011f\u0131n denizden sofraya uzanan yolculu\u011funu anlatmak amac\u0131yla &#8220;\u015eahin Kaptan\u2019\u0131n Bal\u0131k\u00e7\u0131l\u0131k D\u00fcnyas\u0131&#8221; kitab\u0131n\u0131 haz\u0131rlad\u0131. Her bir detay\u0131 \u00e7ocuklar\u0131n ilgisi \u00e7ekecek \u015fekilde haz\u0131rlanan kitap,  \u0130zmir Valili\u011fi koordinasyonuyla kentimizdeki okullarda \u00fccretsiz olarak da\u011f\u0131t\u0131lacak.<br \/>\n<br \/>T\u00fcrkiye\u2019nin, \u00fc\u00e7 taraf\u0131 denizlerle \u00e7evrili bir bal\u0131k cenneti olmas\u0131na ra\u011fmen ki\u015fi ba\u015f\u0131 y\u0131ll\u0131k bal\u0131k t\u00fcketiminin yaln\u0131zca 7,7 kg ile k\u0131y\u0131 \u00fclkelerinin gerisinde olmas\u0131, \u0130zmirli sekt\u00f6r temsilcilerini harekete ge\u00e7irdi. Bu tabloyu de\u011fi\u015ftirmek ve \u00f6zellikle \u00e7ocuklarda su \u00fcr\u00fcnleri kaynaklar\u0131, s\u00fcrd\u00fcr\u00fclebilir bal\u0131k\u00e7\u0131l\u0131k ve sa\u011fl\u0131kl\u0131 t\u00fcketim bilinci olu\u015fturmak amac\u0131yla \u00f6zel bir kitap haz\u0131rl\u0131\u011f\u0131 ba\u015flat\u0131ld\u0131.<\/p>\n<p>Hedef kitle 7-11 ya\u015f grubu<br \/>\n<br \/>Yakla\u015f\u0131k 8 ay s\u00fcren ve Ege \u00dcniversitesi, Dokuz Eyl\u00fcl \u00dcniversitesi, \u0130zmir Ekonomi \u00dcniversitesi ve \u0130zmir Katip \u00c7elebi \u00dcniversitesi\u2019nin de\u011ferli \u00f6\u011fretim \u00fcyelerinin katk\u0131da bulundu\u011fu \u00e7al\u0131\u015fmada, zeka geli\u015fimine katk\u0131 sa\u011flayan, Omega-3 bak\u0131m\u0131ndan zengin, y\u00fcksek protein i\u00e7eri\u011fine sahip, g\u00f6z ve kalp sa\u011fl\u0131\u011f\u0131n\u0131 destekleyen do\u011fan\u0131n s\u00fcper besini bal\u0131\u011f\u0131n, \u00f6zellikle \u00e7ocuklar\u0131m\u0131za do\u011fru ve e\u011flenceli bir anlat\u0131mla tan\u0131t\u0131lmas\u0131 hedeflendi. 7-11 ya\u015f grubuna y\u00f6nelik olarak haz\u0131rlanan kitap; bulmacalar, boyama sayfalar\u0131 ve g\u00f6rsellerle zenginle\u015ftirildi.<\/p>\n<p>\u00c7akan: &#8220;\u00c7ocuklar gelece\u011fimiz&#8221;<br \/>\n<br \/>Kitap projesinin \u00e7ok b\u00fcy\u00fck bir eme\u011fin sonucu olarak ortaya \u00e7\u0131kt\u0131\u011f\u0131n\u0131 ifade eden \u0130zmir Ticaret Odas\u0131 Y\u00f6netim Kurulu \u00dcyesi Mehmet \u015eahin \u00c7akan, &#8220;Kentimiz ve \u00fclkemizin bal\u0131k\u00e7\u0131l\u0131k ve su \u00fcr\u00fcnleri sekt\u00f6r\u00fcn\u00fcn geli\u015fimine ve sorunlar\u0131n\u0131n \u00e7\u00f6z\u00fcm\u00fcne katk\u0131 sa\u011flamak amac\u0131yla, kamu kurulu\u015flar\u0131, \u00fcniversiteler, sivil toplum kurulu\u015flar\u0131, kooperatif ve birlik temsilcileri ve su \u00fcr\u00fcnleri sekt\u00f6r\u00fcnde faaliyet g\u00f6steren sekt\u00f6r temsilcilerinin kat\u0131l\u0131m\u0131 ile olu\u015fturulan \u0130zmir Bal\u0131k\u00e7\u0131l\u0131k \u00c7al\u0131\u015fma Komitemiz, kuruldu\u011fu 2019 y\u0131l\u0131ndan beri b\u00fcy\u00fck bir \u00f6zveri ile \u00e7al\u0131\u015f\u0131yor. Bu kez gelece\u011fimizin temeli \u00e7ocuklar\u0131m\u0131z i\u00e7in bir proje \u00fcretmekten memnuniyet duyuyoruz. Kitab\u0131m\u0131zda, denizlerimizde bal\u0131k avc\u0131l\u0131\u011f\u0131, yeti\u015ftiricilik (\u00e7iftlik bal\u0131k\u00e7\u0131l\u0131\u011f\u0131), bal\u0131klar\u0131n sofram\u0131za ula\u015f\u0131ncaya kadar ge\u00e7irdi\u011fi a\u015famalar ve \u00e7e\u015fitli bal\u0131k t\u00fcrleri g\u00f6rseller e\u015fli\u011finde anlat\u0131l\u0131yor. \u00d6zellikle denizlerin gelece\u011fimiz oldu\u011fu vurgulanarak, kurallara uygun avc\u0131l\u0131\u011f\u0131n ve s\u00fcrd\u00fcr\u00fclebilir bal\u0131k\u00e7\u0131l\u0131\u011f\u0131n \u00f6nemi ele al\u0131nd\u0131&#8221; dedi.<\/p>\n<p>Okullarda da\u011f\u0131t\u0131lacak<br \/>\n<br \/>\u00c7akan s\u00f6zlerine \u015f\u00f6yle devam etti: &#8220;Kitab\u0131m\u0131za \u0130zmir Ticaret Odas\u0131 web sayfas\u0131ndan ula\u015fmak m\u00fcmk\u00fcn. Ayr\u0131ca \u0130zmir Valili\u011fimiz koordinasyonunda okullar\u0131m\u0131za da\u011f\u0131t\u0131m yapaca\u011f\u0131z. \u00c7al\u0131\u015fmam\u0131z\u0131n \u00f6zellikle \u00e7ocuklar\u0131m\u0131zda bal\u0131k t\u00fcketimi bilincini artt\u0131rmas\u0131n\u0131 ve sekt\u00f6r\u00fcm\u00fcz\u00fcn gelece\u011fine katk\u0131 sa\u011flamas\u0131n\u0131 diliyoruz. &#8220;\u015eahin Kaptan\u2019\u0131n Bal\u0131k\u00e7\u0131l\u0131k D\u00fcnyas\u0131&#8221; kitab\u0131n\u0131 haz\u0131rlanmas\u0131nda bize her zaman destek veren \u0130zmir Ticaret Odas\u0131 Y\u00f6netim Kurulu Ba\u015fkan\u0131m\u0131z Mahmut \u00d6zgener ba\u015fta olmak \u00fczere, eme\u011fi ge\u00e7en herkese te\u015fekk\u00fcr ediyorum&#8221;<br \/><\/p>\n","protected":false},"excerpt":{"rendered":"<p>\u0130zmir Ticaret Odas\u0131 b\u00fcnyesinde faaliyet g\u00f6steren \u0130zmir Bal\u0131k\u00e7\u0131l\u0131k \u00c7al\u0131\u015fma Komitesi \u00e7ocuklar i\u00e7in \u00f6rnek bir \u00e7al\u0131\u015fmaya imza att\u0131. 20 kurumdan temsilcilerin yer ald\u0131\u011f\u0131 komite, Ege \u00dcniversitesi, Dokuz Eyl\u00fcl \u00dcniversitesi, \u0130zmir Ekonomi \u00dcniversitesi ve \u0130zmir Katip \u00c7elebi \u00dcniversitesi\u2019nden \u00f6\u011fretim \u00fcyelerinin katk\u0131lar\u0131yla \u00e7ocuk ya\u015fta bal\u0131k t\u00fcketimini \u00f6zendirmek ve bal\u0131\u011f\u0131n denizden sofraya uzanan yolculu\u011funu anlatmak amac\u0131yla &#8220;\u015eahin Kaptan\u2019\u0131n Bal\u0131k\u00e7\u0131l\u0131k&#8230;<\/p>\n","protected":false},"author":1,"featured_media":91180,"comment_status":"open","ping_status":"open","sticky":false,"template":"","format":"standard","meta":{"_crdt_document":"","footnotes":""},"categories":[125],"tags":[],"class_list":["post-91179","post","type-post","status-publish","format-standard","has-post-thumbnail","hentry","category-ekonomi"],"_links":{"self":[{"href":"https:\/\/www.egemtv.com\/index.php?rest_route=\/wp\/v2\/posts\/91179","targetHints":{"allow":["GET"]}}],"collection":[{"href":"https:\/\/www.egemtv.com\/index.php?rest_route=\/wp\/v2\/posts"}],"about":[{"href":"https:\/\/www.egemtv.com\/index.php?rest_route=\/wp\/v2\/types\/post"}],"author":[{"embeddable":true,"href":"https:\/\/www.egemtv.com\/index.php?rest_route=\/wp\/v2\/users\/1"}],"replies":[{"embeddable":true,"href":"https:\/\/www.egemtv.com\/index.php?rest_route=%2Fwp%2Fv2%2Fcomments&post=91179"}],"version-history":[{"count":1,"href":"https:\/\/www.egemtv.com\/index.php?rest_route=\/wp\/v2\/posts\/91179\/revisions"}],"predecessor-version":[{"id":91181,"href":"https:\/\/www.egemtv.com\/index.php?rest_route=\/wp\/v2\/posts\/91179\/revisions\/91181"}],"wp:featuredmedia":[{"embeddable":true,"href":"https:\/\/www.egemtv.com\/index.php?rest_route=\/wp\/v2\/media\/91180"}],"wp:attachment":[{"href":"https:\/\/www.egemtv.com\/index.php?rest_route=%2Fwp%2Fv2%2Fmedia&parent=91179"}],"wp:term":[{"taxonomy":"category","embeddable":true,"href":"https:\/\/www.egemtv.com\/index.php?rest_route=%2Fwp%2Fv2%2Fcategories&post=91179"},{"taxonomy":"post_tag","embeddable":true,"href":"https:\/\/www.egemtv.com\/index.php?rest_route=%2Fwp%2Fv2%2Ftags&post=91179"}],"curies":[{"name":"wp","href":"https:\/\/api.w.org\/{rel}","templated":true}]}}