{"id":91107,"date":"2026-02-28T16:55:02","date_gmt":"2026-02-28T13:55:02","guid":{"rendered":"https:\/\/www.egemtv.com\/?p=91107"},"modified":"2026-02-28T16:55:03","modified_gmt":"2026-02-28T13:55:03","slug":"kutahya-ak-partiden-28-subat-aciklamasi-darbeci-zihniyetle-mucadelemiz-surecek","status":"publish","type":"post","link":"https:\/\/www.egemtv.com\/?p=91107","title":{"rendered":"K\u00fctahya AK Parti\u2019den 28 \u015eubat a\u00e7\u0131klamas\u0131: &#8220;Darbeci zihniyetle m\u00fccadelemiz s\u00fcrecek&#8221;"},"content":{"rendered":"<p>AK Parti K\u00fctahya \u0130l Ba\u015fkanl\u0131\u011f\u0131 taraf\u0131ndan, 28 \u015eubat Darbesi\u2019nin 29\u2019uncu y\u0131l d\u00f6n\u00fcm\u00fc dolay\u0131s\u0131yla bas\u0131n a\u00e7\u0131klamas\u0131 yap\u0131ld\u0131.<br \/>\n<br \/>Bas\u0131n a\u00e7\u0131klamas\u0131na AK Parti K\u00fctahya \u0130l Ba\u015fkan\u0131 Ceyda \u00c7etin Erenler, AK Parti K\u00fctahya Milletvekili \u0130smail \u00c7a\u011flar Bay\u0131rc\u0131, AK Parti MKYK \u00fcyesi J\u00fclide \u0130skendero\u011flu ve te\u015fkilat mensuplar\u0131 kat\u0131ld\u0131. A\u00e7\u0131klamay\u0131 yapan AK Parti K\u00fctahya \u0130l \u0130nsan Haklar\u0131 Ba\u015fkan\u0131 Ecem Esen, 28 \u015eubat\u2019\u0131n yaln\u0131zca siyasete de\u011fil, do\u011frudan topluma y\u00f6nelik planl\u0131 bir darbe oldu\u011funu vurgulad\u0131. Esen, &#8220;28 \u015eubat Darbesi\u2019nin 29. y\u0131l d\u00f6n\u00fcm\u00fcnde darbe ve darbecilik zihniyetini k\u0131namak i\u00e7in bir araya geldik. Ama\u00e7lar\u0131 itibar\u0131yla 27 May\u0131s neyse, 12 Eyl\u00fcl neyse, 27 Nisan neyse, 15 Temmuz neyse 28 \u015eubat da ayn\u0131 \u015fekilde bir darbedir. Hatta siyasetin yan\u0131 s\u0131ra topluma y\u00f6nelik indirilmi\u015f a\u011f\u0131r bir darbedir. Sonu\u00e7lar\u0131n\u0131n nesillerce s\u00fcrmesi hedeflenen, hesapl\u0131 bir \u015fekilde kurgulanm\u0131\u015f bir darbedir&#8221; dedi.<br \/>\n<br \/>28 \u015eubat s\u00fcrecinde milli ve manevi de\u011ferlerin hedef al\u0131nd\u0131\u011f\u0131n\u0131 belirten Esen, millet iradesine kar\u015f\u0131 tanklar\u0131n y\u00fcr\u00fct\u00fcld\u00fc\u011f\u00fcn\u00fc, se\u00e7ilmi\u015f h\u00fck\u00fcmetin g\u00f6revden uzakla\u015ft\u0131r\u0131ld\u0131\u011f\u0131n\u0131 ve \u00f6zellikle ba\u015f\u00f6rt\u00fcl\u00fc kad\u0131nlar ba\u015fta olmak \u00fczere dindar kesimlere y\u00f6nelik a\u011f\u0131r bir zul\u00fcm s\u00fcreci ya\u015fand\u0131\u011f\u0131n\u0131 ifade etti. AK Parti olarak t\u00fcm darbeci ve vesayet\u00e7i giri\u015fimlerin kar\u015f\u0131s\u0131nda olduklar\u0131n\u0131 vurgulayan Esen, iktidar d\u00f6neminde at\u0131lan ad\u0131mlarla vesayet odaklar\u0131n\u0131n etkisiz hale getirildi\u011fini, milli iradenin yeniden in\u015fa edilerek T\u00fcrkiye\u2019nin demokrasi standartlar\u0131n\u0131n y\u00fckseltildi\u011fini s\u00f6yledi.<br \/>\n<br \/>Son d\u00f6nemde ba\u015f\u00f6rt\u00fcs\u00fcne ve Anadolu\u2019nun yerel k\u0131yafetlerine y\u00f6nelik baz\u0131 tutumlar\u0131n, 28 \u015eubat zihniyetinin h\u00e2l\u00e2 varl\u0131\u011f\u0131n\u0131 s\u00fcrd\u00fcrd\u00fc\u011f\u00fcn\u00fc g\u00f6sterdi\u011fini belirten Esen, demokrasi bilinci, sivil irade ve sand\u0131\u011f\u0131n g\u00fcc\u00fcn\u00fcn her zamankinden daha \u00f6nemli oldu\u011funa dikkat \u00e7ekti. Bu anlay\u0131\u015fla m\u00fccadelenin AK Parti i\u00e7in bir demokrasi ve hak m\u00fccadelesi oldu\u011funu dile getiren Esen, toplumsal bar\u0131\u015f\u0131 hedef alan bu zihniyetin, T\u00fcrkiye\u2019nin b\u00fcy\u00fck ve g\u00fc\u00e7l\u00fc \u00fclke hedefinin \u00f6n\u00fcnde engel olu\u015fturdu\u011funu ifade etti. Esen, a\u00e7\u0131klamas\u0131n\u0131 \u015fu s\u00f6zlerle tamamlad\u0131:<br \/>\n<br \/>&#8220;Bizler AK Parti olarak, Cumhurba\u015fkan\u0131m\u0131z ve Genel Ba\u015fkan\u0131m\u0131z Recep Tayyip Erdo\u011fan\u2019\u0131n liderli\u011finde \u00fclkemize hizmet etme kararl\u0131l\u0131\u011f\u0131m\u0131z\u0131 ve darbeci zihniyet kar\u015f\u0131s\u0131nda dimdik durma irademizi s\u00fcrd\u00fcrece\u011fiz. Demokrasi tarihimizde bir daha asla 28 \u015eubat benzeri s\u00fcre\u00e7lerle kar\u015f\u0131la\u015fmamak i\u00e7in milli irade anlay\u0131\u015f\u0131n\u0131 daima diri tutmaya devam edece\u011fiz.&#8221;<br \/><\/p>\n","protected":false},"excerpt":{"rendered":"<p>AK Parti K\u00fctahya \u0130l Ba\u015fkanl\u0131\u011f\u0131 taraf\u0131ndan, 28 \u015eubat Darbesi\u2019nin 29\u2019uncu y\u0131l d\u00f6n\u00fcm\u00fc dolay\u0131s\u0131yla bas\u0131n a\u00e7\u0131klamas\u0131 yap\u0131ld\u0131. Bas\u0131n a\u00e7\u0131klamas\u0131na AK Parti K\u00fctahya \u0130l Ba\u015fkan\u0131 Ceyda \u00c7etin Erenler, AK Parti K\u00fctahya Milletvekili \u0130smail \u00c7a\u011flar Bay\u0131rc\u0131, AK Parti MKYK \u00fcyesi J\u00fclide \u0130skendero\u011flu ve te\u015fkilat mensuplar\u0131 kat\u0131ld\u0131. A\u00e7\u0131klamay\u0131 yapan AK Parti K\u00fctahya \u0130l \u0130nsan Haklar\u0131 Ba\u015fkan\u0131 Ecem Esen, 28&#8230;<\/p>\n","protected":false},"author":1,"featured_media":91108,"comment_status":"open","ping_status":"open","sticky":false,"template":"","format":"standard","meta":{"_crdt_document":"","footnotes":""},"categories":[127],"tags":[],"class_list":["post-91107","post","type-post","status-publish","format-standard","has-post-thumbnail","hentry","category-siyaset"],"_links":{"self":[{"href":"https:\/\/www.egemtv.com\/index.php?rest_route=\/wp\/v2\/posts\/91107","targetHints":{"allow":["GET"]}}],"collection":[{"href":"https:\/\/www.egemtv.com\/index.php?rest_route=\/wp\/v2\/posts"}],"about":[{"href":"https:\/\/www.egemtv.com\/index.php?rest_route=\/wp\/v2\/types\/post"}],"author":[{"embeddable":true,"href":"https:\/\/www.egemtv.com\/index.php?rest_route=\/wp\/v2\/users\/1"}],"replies":[{"embeddable":true,"href":"https:\/\/www.egemtv.com\/index.php?rest_route=%2Fwp%2Fv2%2Fcomments&post=91107"}],"version-history":[{"count":1,"href":"https:\/\/www.egemtv.com\/index.php?rest_route=\/wp\/v2\/posts\/91107\/revisions"}],"predecessor-version":[{"id":91109,"href":"https:\/\/www.egemtv.com\/index.php?rest_route=\/wp\/v2\/posts\/91107\/revisions\/91109"}],"wp:featuredmedia":[{"embeddable":true,"href":"https:\/\/www.egemtv.com\/index.php?rest_route=\/wp\/v2\/media\/91108"}],"wp:attachment":[{"href":"https:\/\/www.egemtv.com\/index.php?rest_route=%2Fwp%2Fv2%2Fmedia&parent=91107"}],"wp:term":[{"taxonomy":"category","embeddable":true,"href":"https:\/\/www.egemtv.com\/index.php?rest_route=%2Fwp%2Fv2%2Fcategories&post=91107"},{"taxonomy":"post_tag","embeddable":true,"href":"https:\/\/www.egemtv.com\/index.php?rest_route=%2Fwp%2Fv2%2Ftags&post=91107"}],"curies":[{"name":"wp","href":"https:\/\/api.w.org\/{rel}","templated":true}]}}