{"id":91104,"date":"2026-02-28T16:35:00","date_gmt":"2026-02-28T13:35:00","guid":{"rendered":"https:\/\/www.egemtv.com\/?p=91104"},"modified":"2026-02-28T16:35:01","modified_gmt":"2026-02-28T13:35:01","slug":"baskan-kunkcu-sofor-esnafimizin-zam-talebini-buyuksehire-ilettik","status":"publish","type":"post","link":"https:\/\/www.egemtv.com\/?p=91104","title":{"rendered":"Ba\u015fkan K\u00fcnkc\u00fc: &#8220;\u015eof\u00f6r esnaf\u0131m\u0131z\u0131n zam talebini B\u00fcy\u00fck\u015fehir\u2019e ilettik&#8221;"},"content":{"rendered":"<p>Ayd\u0131n Esnaf ve Sanatkarlar Odalar\u0131 Birli\u011fi Ba\u015fkan\u0131 Muhammet Ali K\u00fcnkc\u00fc, ula\u015f\u0131m \u00fccret tarifelerine ili\u015fkin \u00f6nemli a\u00e7\u0131klamalarda bulundu. Dan\u0131\u015ftay\u2019\u0131n ald\u0131\u011f\u0131 karar do\u011frultusunda fiyat tarifelerinin art\u0131k Ayd\u0131n B\u00fcy\u00fck\u015fehir Belediye Meclisi taraf\u0131ndan belirlendi\u011fini hat\u0131rlatan K\u00fcnkc\u00fc, \u015fof\u00f6r esnaf\u0131n\u0131n ya\u015fad\u0131\u011f\u0131 ekonomik s\u0131k\u0131nt\u0131lar\u0131 g\u00fcndeme ta\u015f\u0131d\u0131.<br \/>\n<br \/>Ula\u015f\u0131m sekt\u00f6r\u00fcnde faaliyet g\u00f6steren oda ba\u015fkanlar\u0131yla birlikte bir komisyon kurduklar\u0131n\u0131 belirten K\u00fcnkc\u00fc, yap\u0131lan isti\u015fareler sonucunda zam taleplerini yeniden g\u00fcndeme ta\u015f\u0131d\u0131klar\u0131n\u0131 s\u00f6yledi. \u00dc\u00e7 ay \u00f6nce y\u00fczde 45 oran\u0131nda art\u0131\u015f talebinde bulunduklar\u0131n\u0131 ancak bu talebin B\u00fcy\u00fck\u015fehir Belediye Meclisi taraf\u0131ndan y\u00fczde 20 olarak karara ba\u011fland\u0131\u011f\u0131n\u0131 ifade eden K\u00fcnkc\u00fc, &#8220;Verilen bu oran esnaf\u0131m\u0131z a\u00e7\u0131s\u0131ndan yeterli olmam\u0131\u015ft\u0131r&#8221; dedi. Maliyet art\u0131\u015flar\u0131n\u0131n yaln\u0131zca akaryak\u0131t fiyatlar\u0131yla s\u0131n\u0131rl\u0131 olmad\u0131\u011f\u0131n\u0131 vurgulayan K\u00fcnkc\u00fc, sigorta giderleri, personel maa\u015flar\u0131, ara\u00e7 bak\u0131m ve yedek par\u00e7a fiyatlar\u0131ndaki y\u00fckseli\u015fin de ula\u015f\u0131m esnaf\u0131n\u0131 ciddi \u015fekilde etkiledi\u011fini belirtti.<br \/>\n<br \/>&#8220;\u015eof\u00f6r esnaf\u0131m\u0131z bug\u00fcn neredeyse zarar\u0131na \u00e7al\u0131\u015f\u0131r hale gelmi\u015ftir. Daha \u00f6nce y\u00fczde 45\u2019lik art\u0131\u015f\u0131n gerekli oldu\u011funu dile getirmi\u015ftik. \u0130ki ay \u00f6nce yeniden zam talebinde bulunduk ancak s\u00fcre\u00e7 uzad\u0131k\u00e7a esnaf\u0131m\u0131z\u0131n y\u00fck\u00fc daha da a\u011f\u0131rla\u015ft\u0131&#8221; diyen K\u00fcnkc\u00fc, mevcut \u015fartlarda en az y\u00fczde 20 oran\u0131nda ek art\u0131\u015f beklentilerinin bulundu\u011funu kaydetti.<br \/>\n<br \/>Kurulan komisyonun ortak karar\u0131 do\u011frultusunda zam taleplerini yeniden Ayd\u0131n B\u00fcy\u00fck\u015fehir Belediye Meclisi\u2019ne ilettiklerini belirten K\u00fcnkc\u00fc, s\u00fcrecin yak\u0131ndan takip\u00e7isi olacaklar\u0131n\u0131 ifade etti. K\u00fcnkc\u00fc; &#8220;Amac\u0131m\u0131z vatanda\u015f\u0131m\u0131z\u0131 ma\u011fdur etmek de\u011fil, esnaf\u0131m\u0131z\u0131n ayakta kalmas\u0131n\u0131 sa\u011flamak. Ula\u015f\u0131m hizmetinin s\u00fcrd\u00fcr\u00fclebilir olmas\u0131 i\u00e7in ger\u00e7ek\u00e7i ve makul bir d\u00fczenleme \u015fart. \u015eof\u00f6r esnaf\u0131m\u0131z\u0131n hakl\u0131 talebinin kar\u015f\u0131l\u0131k bulmas\u0131n\u0131 bekliyoruz&#8221; ifadelerini kulland\u0131.<br \/><\/p>\n","protected":false},"excerpt":{"rendered":"<p>Ayd\u0131n Esnaf ve Sanatkarlar Odalar\u0131 Birli\u011fi Ba\u015fkan\u0131 Muhammet Ali K\u00fcnkc\u00fc, ula\u015f\u0131m \u00fccret tarifelerine ili\u015fkin \u00f6nemli a\u00e7\u0131klamalarda bulundu. Dan\u0131\u015ftay\u2019\u0131n ald\u0131\u011f\u0131 karar do\u011frultusunda fiyat tarifelerinin art\u0131k Ayd\u0131n B\u00fcy\u00fck\u015fehir Belediye Meclisi taraf\u0131ndan belirlendi\u011fini hat\u0131rlatan K\u00fcnkc\u00fc, \u015fof\u00f6r esnaf\u0131n\u0131n ya\u015fad\u0131\u011f\u0131 ekonomik s\u0131k\u0131nt\u0131lar\u0131 g\u00fcndeme ta\u015f\u0131d\u0131. Ula\u015f\u0131m sekt\u00f6r\u00fcnde faaliyet g\u00f6steren oda ba\u015fkanlar\u0131yla birlikte bir komisyon kurduklar\u0131n\u0131 belirten K\u00fcnkc\u00fc, yap\u0131lan isti\u015fareler sonucunda zam&#8230;<\/p>\n","protected":false},"author":1,"featured_media":91105,"comment_status":"open","ping_status":"open","sticky":false,"template":"","format":"standard","meta":{"_crdt_document":"","footnotes":""},"categories":[1],"tags":[],"class_list":["post-91104","post","type-post","status-publish","format-standard","has-post-thumbnail","hentry","category-guncel"],"_links":{"self":[{"href":"https:\/\/www.egemtv.com\/index.php?rest_route=\/wp\/v2\/posts\/91104","targetHints":{"allow":["GET"]}}],"collection":[{"href":"https:\/\/www.egemtv.com\/index.php?rest_route=\/wp\/v2\/posts"}],"about":[{"href":"https:\/\/www.egemtv.com\/index.php?rest_route=\/wp\/v2\/types\/post"}],"author":[{"embeddable":true,"href":"https:\/\/www.egemtv.com\/index.php?rest_route=\/wp\/v2\/users\/1"}],"replies":[{"embeddable":true,"href":"https:\/\/www.egemtv.com\/index.php?rest_route=%2Fwp%2Fv2%2Fcomments&post=91104"}],"version-history":[{"count":1,"href":"https:\/\/www.egemtv.com\/index.php?rest_route=\/wp\/v2\/posts\/91104\/revisions"}],"predecessor-version":[{"id":91106,"href":"https:\/\/www.egemtv.com\/index.php?rest_route=\/wp\/v2\/posts\/91104\/revisions\/91106"}],"wp:featuredmedia":[{"embeddable":true,"href":"https:\/\/www.egemtv.com\/index.php?rest_route=\/wp\/v2\/media\/91105"}],"wp:attachment":[{"href":"https:\/\/www.egemtv.com\/index.php?rest_route=%2Fwp%2Fv2%2Fmedia&parent=91104"}],"wp:term":[{"taxonomy":"category","embeddable":true,"href":"https:\/\/www.egemtv.com\/index.php?rest_route=%2Fwp%2Fv2%2Fcategories&post=91104"},{"taxonomy":"post_tag","embeddable":true,"href":"https:\/\/www.egemtv.com\/index.php?rest_route=%2Fwp%2Fv2%2Ftags&post=91104"}],"curies":[{"name":"wp","href":"https:\/\/api.w.org\/{rel}","templated":true}]}}