{"id":91101,"date":"2026-02-28T16:34:58","date_gmt":"2026-02-28T13:34:58","guid":{"rendered":"https:\/\/www.egemtv.com\/?p=91101"},"modified":"2026-02-28T16:35:00","modified_gmt":"2026-02-28T13:35:00","slug":"baskan-ozne-ramazan-ayinda-engelleri-birlikte-kaldiralim","status":"publish","type":"post","link":"https:\/\/www.egemtv.com\/?p=91101","title":{"rendered":"Ba\u015fkan \u00d6zne: &#8220;Ramazan ay\u0131nda engelleri  birlikte kald\u0131ral\u0131m&#8221;"},"content":{"rendered":"<p>G\u00f6rme engelli bireylerin \u00f6zg\u00fcrce y\u00fcr\u00fcyebilmesine imkan sa\u011flayan beyaz baston i\u00e7in \u00e7a\u011fr\u0131da bulunan Alt\u0131 Nokta K\u00f6rler Derne\u011fi Ba\u015fkan\u0131 Bayram \u00d6zen, fitre ve zekat ba\u011f\u0131\u015flar\u0131yla beyaz baston temin edilmesi i\u00e7in vatanda\u015flara \u00e7a\u011fr\u0131da bulundu.<br \/>\n<br \/>Ayd\u0131n\u2019da ya\u015fayan bin 67 g\u00f6rme engelli bireylerin \u00f6zg\u00fcrce d\u0131\u015far\u0131ya \u00e7\u0131kabilmesine ve sosyalle\u015febilmelerine imkan sa\u011flayan beyaz bastonun \u00f6nemine dikkat \u00e7eken Alt\u0131 Nokta K\u00f6rler Derne\u011fi Ba\u015fkan\u0131 Bayram \u00d6zen, hay\u0131rseverlere beyaz baston deste\u011fi \u00e7a\u011fr\u0131s\u0131nda bulundu. \u00d6zen, yapt\u0131\u011f\u0131 a\u00e7\u0131klamada Ramazan ay\u0131n\u0131n payla\u015fma ay\u0131 oldu\u011funa dikkat \u00e7ekerek, fitre ve zekat ba\u011f\u0131\u015flar\u0131yla beyaz baston temin edilmesi i\u00e7in vatanda\u015flara \u00e7a\u011fr\u0131da bulundu.<br \/>\n<br \/>Ramazan ay\u0131n\u0131n toplumsal dayan\u0131\u015fman\u0131n en yo\u011fun ya\u015fand\u0131\u011f\u0131 d\u00f6nem oldu\u011funu belirten Ba\u015fkan \u00d6zen; &#8220;Ramazan, payla\u015fman\u0131n, dayan\u0131\u015fman\u0131n ve yard\u0131mla\u015fman\u0131n en g\u00fc\u00e7l\u00fc \u015fekilde hissedildi\u011fi bir ayd\u0131r. Verilecek her fitre ve zek\u00e2t, bir g\u00f6rme engellinin g\u00fcvenle y\u00fcr\u00fcyebilmesini sa\u011flayacak beyaz bastonun al\u0131nmas\u0131na vesile oluyor. B\u00f6ylece hem ibadetimizi yerine getiriyor hem de bir hayat\u0131n \u00f6n\u00fcndeki engelleri birlikte kald\u0131r\u0131yoruz&#8221; dedi.<br \/>\n<br \/>Ba\u011f\u0131\u015fta bulunmak isteyen vatanda\u015flar\u0131n dernek binas\u0131na gelerek fitre ve zekatlar\u0131n\u0131 ula\u015ft\u0131rabilece\u011fini belirten Ba\u015fkan \u00d6zen, a\u00e7\u0131klamas\u0131n\u0131n devam\u0131nda &#8220;Unutmayal\u0131m ki k\u00fc\u00e7\u00fck bir katk\u0131, bir insan\u0131n d\u00fcnyas\u0131n\u0131 de\u011fi\u015ftirebilir. Ramazan ay\u0131n\u0131n ruhunu payla\u015farak ya\u015fatmak isteyen t\u00fcm hem\u015fehrilerimizi derne\u011fimize bekliyoruz&#8221; ifadelerini kulland\u0131.<br \/><\/p>\n","protected":false},"excerpt":{"rendered":"<p>G\u00f6rme engelli bireylerin \u00f6zg\u00fcrce y\u00fcr\u00fcyebilmesine imkan sa\u011flayan beyaz baston i\u00e7in \u00e7a\u011fr\u0131da bulunan Alt\u0131 Nokta K\u00f6rler Derne\u011fi Ba\u015fkan\u0131 Bayram \u00d6zen, fitre ve zekat ba\u011f\u0131\u015flar\u0131yla beyaz baston temin edilmesi i\u00e7in vatanda\u015flara \u00e7a\u011fr\u0131da bulundu. Ayd\u0131n\u2019da ya\u015fayan bin 67 g\u00f6rme engelli bireylerin \u00f6zg\u00fcrce d\u0131\u015far\u0131ya \u00e7\u0131kabilmesine ve sosyalle\u015febilmelerine imkan sa\u011flayan beyaz bastonun \u00f6nemine dikkat \u00e7eken Alt\u0131 Nokta K\u00f6rler Derne\u011fi Ba\u015fkan\u0131&#8230;<\/p>\n","protected":false},"author":1,"featured_media":91102,"comment_status":"open","ping_status":"open","sticky":false,"template":"","format":"standard","meta":{"_crdt_document":"","footnotes":""},"categories":[1],"tags":[],"class_list":["post-91101","post","type-post","status-publish","format-standard","has-post-thumbnail","hentry","category-guncel"],"_links":{"self":[{"href":"https:\/\/www.egemtv.com\/index.php?rest_route=\/wp\/v2\/posts\/91101","targetHints":{"allow":["GET"]}}],"collection":[{"href":"https:\/\/www.egemtv.com\/index.php?rest_route=\/wp\/v2\/posts"}],"about":[{"href":"https:\/\/www.egemtv.com\/index.php?rest_route=\/wp\/v2\/types\/post"}],"author":[{"embeddable":true,"href":"https:\/\/www.egemtv.com\/index.php?rest_route=\/wp\/v2\/users\/1"}],"replies":[{"embeddable":true,"href":"https:\/\/www.egemtv.com\/index.php?rest_route=%2Fwp%2Fv2%2Fcomments&post=91101"}],"version-history":[{"count":1,"href":"https:\/\/www.egemtv.com\/index.php?rest_route=\/wp\/v2\/posts\/91101\/revisions"}],"predecessor-version":[{"id":91103,"href":"https:\/\/www.egemtv.com\/index.php?rest_route=\/wp\/v2\/posts\/91101\/revisions\/91103"}],"wp:featuredmedia":[{"embeddable":true,"href":"https:\/\/www.egemtv.com\/index.php?rest_route=\/wp\/v2\/media\/91102"}],"wp:attachment":[{"href":"https:\/\/www.egemtv.com\/index.php?rest_route=%2Fwp%2Fv2%2Fmedia&parent=91101"}],"wp:term":[{"taxonomy":"category","embeddable":true,"href":"https:\/\/www.egemtv.com\/index.php?rest_route=%2Fwp%2Fv2%2Fcategories&post=91101"},{"taxonomy":"post_tag","embeddable":true,"href":"https:\/\/www.egemtv.com\/index.php?rest_route=%2Fwp%2Fv2%2Ftags&post=91101"}],"curies":[{"name":"wp","href":"https:\/\/api.w.org\/{rel}","templated":true}]}}